{"id":5948,"date":"2024-04-18T08:23:43","date_gmt":"2024-04-18T06:23:43","guid":{"rendered":"https:\/\/www.py.pue.es\/pue-academy\/blog\/exito-en-el-pue-academy-day-2024-sobre-lo-mas-innovador-para-la-docencia-en-tecnologia\/"},"modified":"2025-04-22T17:32:44","modified_gmt":"2025-04-22T15:32:44","slug":"pue-academy-day-2024","status":"publish","type":"post","link":"https:\/\/www.pue.es\/pue-academy\/blog\/pue-academy-day-2024\/","title":{"rendered":"\u00c9xito en el PUE Academy Day 2024 sobre lo m\u00e1s innovador para la docencia en tecnolog\u00eda"},"content":{"rendered":"[vc_row type=\u00bbin_container\u00bb full_screen_row_position=\u00bbmiddle\u00bb column_margin=\u00bbdefault\u00bb column_direction=\u00bbdefault\u00bb column_direction_tablet=\u00bbdefault\u00bb column_direction_phone=\u00bbdefault\u00bb scene_position=\u00bbcenter\u00bb text_color=\u00bbdark\u00bb text_align=\u00bbleft\u00bb row_border_radius=\u00bbnone\u00bb row_border_radius_applies=\u00bbbg\u00bb overflow=\u00bbvisible\u00bb overlay_strength=\u00bb0.3&#8243; gradient_direction=\u00bbleft_to_right\u00bb shape_divider_position=\u00bbbottom\u00bb bg_image_animation=\u00bbnone\u00bb][vc_column column_padding=\u00bbno-extra-padding\u00bb column_padding_tablet=\u00bbinherit\u00bb column_padding_phone=\u00bbinherit\u00bb column_padding_position=\u00bball\u00bb column_element_direction_desktop=\u00bbdefault\u00bb column_element_spacing=\u00bbdefault\u00bb desktop_text_alignment=\u00bbdefault\u00bb tablet_text_alignment=\u00bbdefault\u00bb phone_text_alignment=\u00bbdefault\u00bb background_color_opacity=\u00bb1&#8243; background_hover_color_opacity=\u00bb1&#8243; column_backdrop_filter=\u00bbnone\u00bb column_shadow=\u00bbnone\u00bb column_border_radius=\u00bbnone\u00bb column_link_target=\u00bb_self\u00bb column_position=\u00bbdefault\u00bb gradient_direction=\u00bbleft_to_right\u00bb overlay_strength=\u00bb0.3&#8243; width=\u00bb1\/1&#8243; tablet_width_inherit=\u00bbdefault\u00bb animation_type=\u00bbdefault\u00bb bg_image_animation=\u00bbnone\u00bb border_type=\u00bbsimple\u00bb column_border_width=\u00bbnone\u00bb column_border_style=\u00bbsolid\u00bb][vc_column_text]<span style=\"font-weight: 400;\">El pasado 10 de abril se celebr\u00f3 la 7\u00aa<\/span><a href=\"https:\/\/www.pue.es\/pue-academy\/academy-day\/2024\"><span style=\"font-weight: 400;\"> edici\u00f3n del <\/span><span style=\"font-weight: 400;\">PUE Academy Day<\/span><\/a><span style=\"font-weight: 400;\">, un evento especialmente dise\u00f1ado para docentes y centros de formaci\u00f3n, y que un a\u00f1o m\u00e1s mostr\u00f3 ser la <\/span><b>cita ineludible para la comunidad educativa<\/b><span style=\"font-weight: 400;\">. As\u00ed lo corroboran los <\/span><b>m\u00e1s de 2000 inscritos<\/b><span style=\"font-weight: 400;\"> y las <\/span><b>m\u00e1s de 300 asistentes<\/b><span style=\"font-weight: 400;\"> en presencial.\u00a0<\/span><\/p>\n<p><span style=\"font-weight: 400;\">En su objetivo por facilitar la labor de los docentes, PUE Academy Day se ha consolidado como un espacio vital para el intercambio de ideas en temas tan clave como: llevar la innovaci\u00f3n al aula e impulsar el futuro profesional de los estudiantes en un sector tan estrat\u00e9gico como el tecnol\u00f3gico. Todo, con el objetivo de promover la empleabilidad a trav\u00e9s de las iniciativas acad\u00e9micas de referencia para la capacitaci\u00f3n en las tecnolog\u00edas m\u00e1s demandadas por el mercado.<\/span><\/p>\n[\/vc_column_text][vc_row_inner equal_height=\u00bbyes\u00bb content_placement=\u00bbmiddle\u00bb column_margin=\u00bb30px\u00bb column_direction=\u00bbdefault\u00bb column_direction_tablet=\u00bbdefault\u00bb column_direction_phone=\u00bbdefault\u00bb text_align=\u00bbleft\u00bb row_position=\u00bbdefault\u00bb row_position_tablet=\u00bbinherit\u00bb row_position_phone=\u00bbinherit\u00bb overflow=\u00bbvisible\u00bb pointer_events=\u00bball\u00bb][vc_column_inner column_padding=\u00bbno-extra-padding\u00bb column_padding_tablet=\u00bbinherit\u00bb column_padding_phone=\u00bbinherit\u00bb column_padding_position=\u00bball\u00bb column_element_direction_desktop=\u00bbdefault\u00bb column_element_spacing=\u00bbdefault\u00bb desktop_text_alignment=\u00bbdefault\u00bb tablet_text_alignment=\u00bbdefault\u00bb phone_text_alignment=\u00bbdefault\u00bb background_color_opacity=\u00bb1&#8243; background_hover_color_opacity=\u00bb1&#8243; column_backdrop_filter=\u00bbnone\u00bb column_shadow=\u00bbnone\u00bb column_border_radius=\u00bbnone\u00bb column_link_target=\u00bb_self\u00bb overflow=\u00bbvisible\u00bb gradient_direction=\u00bbleft_to_right\u00bb overlay_strength=\u00bb0.3&#8243; width=\u00bb1\/2&#8243; tablet_width_inherit=\u00bbdefault\u00bb animation_type=\u00bbdefault\u00bb bg_image_animation=\u00bbnone\u00bb border_type=\u00bbsimple\u00bb column_border_width=\u00bbnone\u00bb column_border_style=\u00bbsolid\u00bb][vc_column_text]\n<h2><b>Una inauguraci\u00f3n excepcional y las ponencias m\u00e1s destacadas<\/b><\/h2>\n<p><span style=\"font-weight: 400;\">Abri\u00f3 la jornada la <\/span><b>Secretaria General de Formaci\u00f3n Profesional del Ministerio de Educaci\u00f3n y Formaci\u00f3n Profesional, D\u00f1a. Clara Sanz L\u00f3pez,<\/b><span style=\"font-weight: 400;\"> quien destac\u00f3 el gran reto al que se enfrenta la formaci\u00f3n profesional en nuestro pa\u00eds: <\/span><span style=\"font-weight: 400;\">\u201cformar en tecnolog\u00eda a la vez que se forma con tecnolog\u00eda.\u201d\u00a0<\/span><\/p>\n<p><span style=\"font-weight: 400;\">La<\/span><span style=\"font-weight: 400;\"> b\u00fasqueda<\/span><span style=\"font-weight: 400;\"> de talento<\/span> <span style=\"font-weight: 400;\">\u201cse ha convertido en un foco primordial de los diferentes pa\u00edses, pero este talento no nace de la nada, sino que tiene su origen en la formaci\u00f3n de base y se mantiene con la preparaci\u00f3n constante\u201d, a\u00f1ad\u00eda D\u00f1a. Clara Sanz.\u00a0<\/span>[\/vc_column_text][\/vc_column_inner][vc_column_inner column_padding=\u00bbno-extra-padding\u00bb column_padding_tablet=\u00bbinherit\u00bb column_padding_phone=\u00bbinherit\u00bb column_padding_position=\u00bball\u00bb column_element_direction_desktop=\u00bbdefault\u00bb column_element_spacing=\u00bbdefault\u00bb desktop_text_alignment=\u00bbdefault\u00bb tablet_text_alignment=\u00bbdefault\u00bb phone_text_alignment=\u00bbdefault\u00bb background_color_opacity=\u00bb1&#8243; background_hover_color_opacity=\u00bb1&#8243; column_backdrop_filter=\u00bbnone\u00bb column_shadow=\u00bbnone\u00bb column_border_radius=\u00bbnone\u00bb column_link_target=\u00bb_self\u00bb overflow=\u00bbvisible\u00bb gradient_direction=\u00bbleft_to_right\u00bb overlay_strength=\u00bb0.3&#8243; width=\u00bb1\/2&#8243; tablet_width_inherit=\u00bbdefault\u00bb animation_type=\u00bbdefault\u00bb bg_image_animation=\u00bbnone\u00bb border_type=\u00bbsimple\u00bb column_border_width=\u00bbnone\u00bb column_border_style=\u00bbsolid\u00bb][image_with_animation image_url=\u00bb6208&#8243; image_size=\u00bbfull\u00bb animation_type=\u00bbentrance\u00bb animation=\u00bbNone\u00bb animation_movement_type=\u00bbtransform_y\u00bb hover_animation=\u00bbnone\u00bb alignment=\u00bb\u00bb border_radius=\u00bbnone\u00bb box_shadow=\u00bbnone\u00bb image_loading=\u00bbdefault\u00bb max_width=\u00bb100%\u00bb max_width_mobile=\u00bbdefault\u00bb][vc_column_text]\n<figure id=\"attachment_8744\" class=\"wp-caption alignright\" aria-describedby=\"caption-attachment-8744\"><figcaption id=\"caption-attachment-8744\" class=\"wp-caption-text\">Javier Dom\u00ednguez, CEO de PUE y D\u00f1a. Clara Sanz L\u00f3pez, Secretaria General de Formaci\u00f3n Profesional del Ministerio de Educaci\u00f3n y Formaci\u00f3n Profesional<\/figcaption><\/figure>\n[\/vc_column_text][\/vc_column_inner][\/vc_row_inner][vc_column_text]<span style=\"font-weight: 400;\">La jornada ofreci\u00f3 una agenda con <\/span><b>24 charlas<\/b><span style=\"font-weight: 400;\">, donde ponentes de los principales vendors internacionales, como <\/span><b>Microsoft, Cisco y Google<\/b><span style=\"font-weight: 400;\">, entre muchos otros, nos hablaron de las soluciones m\u00e1s reconocidas para la capacitaci\u00f3n en \u00e1reas como <\/span><b>Inteligencia Artificial, Ciberseguridad, Cloud, Data, Programaci\u00f3n y Videojuegos.<\/b><\/p>\n<p><span style=\"font-weight: 400;\">Entre las charlas m\u00e1s concurridas, destacaron \u00ab<a href=\"https:\/\/www.pue.es\/pue-academy\/academy-day\/2024\/es\/agenda\/microsoft-learn-for-educators\" target=\"_blank\" rel=\"noopener\">Microsoft Learn for Educators: Capacitaci\u00f3n en Inteligencia Artificial y tecnolog\u00edas Microsoft para la Comunidad educativa<\/a>\u00bb y<a href=\"https:\/\/www.pue.es\/pue-academy\/academy-day\/2024\/es\/agenda\/gemini-google-cloud-ia\" target=\"_blank\" rel=\"noopener\"> \u00abGoogle Gemini: La IA de Google que apoya estrat\u00e9gicamente a transformar el aprendizaje y empodera a los docentes\u00bb<\/a>, proporcionando a los asistentes tanto herramientas pr\u00e1cticas como conocimientos te\u00f3ricos para aplicar en el aula en sus respectivos campos.<\/span><\/p>\n<p><span style=\"font-weight: 400;\">El cierre de la jornada estuvo a cargo del <\/span><b>Director General del Servicio P\u00fablico de Empleo Estatal, D. Gerardo Guti\u00e9rrez Ardoy,<\/b><span style=\"font-weight: 400;\">\u00a0<\/span><span style=\"font-weight: 400;\">quien habl\u00f3 de la importancia de la\u00a0 igualdad en el acceso a la adquisici\u00f3n de competencias en la era digital.<\/span><\/p>\n<h4><b><img loading=\"lazy\" decoding=\"async\" class=\"aligncenter wp-image-8789 size-full\" src=\"https:\/\/www.pue.es\/pue-academy\/blog\/wp-content\/uploads\/Grou\/-7\/Group-7768-1.png\" alt=\"\" width=\"1821\" height=\"390\" \/><\/b><\/h4>\n<h2><b>PUE Academy Day 2024: un espacio para el networking<\/b><\/h2>\n<p><span style=\"font-weight: 400;\">Uno de los aspectos m\u00e1s valorados del PUE Academy Day fue la<\/span><b> oportunidad de networking<\/b><span style=\"font-weight: 400;\"> que ofreci\u00f3. La modalidad presencial permiti\u00f3 a los m\u00e1s de 300 asistentes interactuar directamente con ponentes y otros participantes, fortaleciendo lazos profesionales y colaborativos. Esta interacci\u00f3n fue complementada con las opciones en <\/span><i><span style=\"font-weight: 400;\">streaming<\/span><\/i><span style=\"font-weight: 400;\"> y <\/span><i><span style=\"font-weight: 400;\">on-demand<\/span><\/i><span style=\"font-weight: 400;\">, asegurando que nadie se perdiera la oportunidad de <\/span><span style=\"font-weight: 400;\">atender el evento<\/span><span style=\"font-weight: 400;\">, independientemente <\/span><span style=\"font-weight: 400;\">de su disponibilidad <\/span><span style=\"font-weight: 400;\">o ubicaci\u00f3n geogr\u00e1fica.<\/span><\/p>\n<h2><b>Entrega de los PUE Academy Awards<\/b><\/h2>\n<p><span style=\"font-weight: 400;\">Adem\u00e1s, durante las charlas, se aprovech\u00f3 para hacer entrega de los &#8216;<\/span><b>PUE Academy Awards 2023<\/b><span style=\"font-weight: 400;\">&#8216;, un premio que reconoce a las instituciones educativas su compromiso excepcional con la innovaci\u00f3n en la formaci\u00f3n en tecnolog\u00eda.<\/span><\/p>\n<ul>\n<li style=\"font-weight: 400;\" aria-level=\"1\"><span style=\"font-weight: 400;\">Mejor centro certificador Adobe Certified Professional: The Core &#8211; Planeta Formaci\u00f3n y Universidades\u00a0<\/span><\/li>\n<li style=\"font-weight: 400;\" aria-level=\"1\"><span style=\"font-weight: 400;\">Mejor centro certificador IC3: Fundaci\u00f3n Esplai Ciudadan\u00eda Comprometida<\/span><\/li>\n<li style=\"font-weight: 400;\" aria-level=\"1\"><span style=\"font-weight: 400;\">Mejor centro certificador IT Specialist: Colegio Joyfe<\/span><\/li>\n<li style=\"font-weight: 400;\" aria-level=\"1\"><span style=\"font-weight: 400;\">Mejor centro certificador Microsoft Fundamentals: <a href=\"https:\/\/www.linkedin.com\/feed\/update\/urn:li:activity:7067416768629137408\" target=\"_blank\" rel=\"noopener\">UNIR. Universidad Internacional de La Rioja<\/a><\/span><\/li>\n<li style=\"font-weight: 400;\" aria-level=\"1\"><span style=\"font-weight: 400;\">Mejor centro certificador Microsoft Office Specialist (MOS): Grupo Sorolla Educaci\u00f3n<\/span><\/li>\n<li style=\"font-weight: 400;\" aria-level=\"1\"><span style=\"font-weight: 400;\">Mejor centro certificador Unity: CPIFP Alan Turing\u00a0<\/span><\/li>\n<li style=\"font-weight: 400;\" aria-level=\"1\"><span style=\"font-weight: 400;\">Mejor centro Cisco Academy: MEDAC<\/span><\/li>\n<li style=\"font-weight: 400;\" aria-level=\"1\"><span style=\"font-weight: 400;\">Mejor centro de formaci\u00f3n en Cisco Certified Network Associate (CCNA): Instituto Cuatrovientos<\/span><\/li>\n<li style=\"font-weight: 400;\" aria-level=\"1\"><span style=\"font-weight: 400;\">Mejor centro Linux Professional Institute (LPI): IES Proven\u00e7ana<\/span><\/li>\n<li style=\"font-weight: 400;\" aria-level=\"1\"><span style=\"font-weight: 400;\">Mejor centro Microsoft Academy: Monlau Formaci\u00f3n Profesional<\/span><\/li>\n<li style=\"font-weight: 400;\" aria-level=\"1\"><span style=\"font-weight: 400;\">Mejor centro Palo Alto Networks\u00ae Cybersecurity Academy: Universidad Europea<\/span><\/li>\n<li style=\"font-weight: 400;\" aria-level=\"1\"><span style=\"font-weight: 400;\">Mejor centro Python Institute: Institutos Nebrija<\/span><\/li>\n<li style=\"font-weight: 400;\" aria-level=\"1\"><span style=\"font-weight: 400;\">Mejor centro VMware IT Academy: CI Maria Ana Sanz<\/span><\/li>\n<li style=\"font-weight: 400;\" aria-level=\"1\"><span style=\"font-weight: 400;\">Mejor iniciativa para la generaci\u00f3n de talento TIC: Hiberus University<\/span><\/li>\n<li style=\"font-weight: 400;\" aria-level=\"1\"><span style=\"font-weight: 400;\">Mejor programa de formaci\u00f3n y certificaci\u00f3n en competencias digitales: Escuela de Talento Digital &#8211; Agencia para el Empleo de Madrid (AEM)<\/span><\/li>\n<li style=\"font-weight: 400;\" aria-level=\"1\"><span style=\"font-weight: 400;\">Mejor programa educativo para la inserci\u00f3n profesional: Becas Rethinking Digital &#8211; Human Age Institute<\/span><\/li>\n<li style=\"font-weight: 400;\" aria-level=\"1\"><span style=\"font-weight: 400;\">Mejor PUE Academy Center: <a href=\"https:\/\/www.linkedin.com\/feed\/update\/urn:li:activity:7079737785238085632\" target=\"_blank\" rel=\"noopener\">Deusto Formaci\u00f3n<\/a><\/span><\/li>\n<\/ul>\n<h2><b>Un futuro prometedor para la formaci\u00f3n en tecnolog\u00eda <\/b><\/h2>\n<p><span style=\"font-weight: 400;\">El PUE Academy Day 2024 no solo ha sido un evento exitoso en t\u00e9rminos de participaci\u00f3n y contenido, sino que tambi\u00e9n ha reafirmado <strong>el papel de la tecnolog\u00eda en la educaci\u00f3n como un pilar fundamental<\/strong> para el <strong>desarrollo de habilidades<\/strong> relevantes y la <strong>mejora de la empleabilidad<\/strong>.\u00a0<\/span><\/p>\n<p><span style=\"font-weight: 400;\">En palabras de <\/span><b>Javier Dom\u00ednguez, CEO de PUE<\/b><span style=\"font-weight: 400;\">, \u201cPUE Academy Day <\/span><span style=\"font-weight: 400;\">ya hace tiempo que di\u00f3 un paso<\/span><span style=\"font-weight: 400;\"> m\u00e1s all\u00e1 de la formaci\u00f3n y certificaci\u00f3n tradicional. <\/span><span style=\"font-weight: 400;\">Nuestro compromiso e implicaci\u00f3n en ayudar a los centros de formaci\u00f3n es m\u00e1ximo, en el objetivo de facilitar su labor y conseguir que la formaci\u00f3n impartida est\u00e9 alineada con lo que necesita la industria.\u201d<\/span><\/p>\n<p><span style=\"font-weight: 400;\">Si no pudiste <\/span><span style=\"font-weight: 400;\">atender el<\/span><span style=\"font-weight: 400;\"> PUE Academy Day, las presentaciones y los v\u00eddeos del evento estar\u00e1n disponibles pr\u00f3ximamente para poder visualizarse bajo demanda. <\/span><span style=\"font-weight: 400;\">A\u00fan est\u00e1 disponible el<\/span><a href=\"https:\/\/www.pue.es\/pue-academy\/academy-day\/2024\/es\/inscripcion\"><span style=\"font-weight: 400;\"> registro aqu\u00ed<\/span><\/a><span style=\"font-weight: 400;\"> para que puedas apuntarte y recibir la documentaci\u00f3n postevento.\u00a0<\/span>[\/vc_column_text][\/vc_column][\/vc_row]\n","protected":false},"excerpt":{"rendered":"<p>El PUE Academy Day 2024 no solo ha sido un evento exitoso en t\u00e9rminos de participaci\u00f3n y contenido, sino que tambi\u00e9n ha reafirmado el papel de la tecnolog\u00eda en la educaci\u00f3n como un pilar fundamental para el desarrollo de habilidades relevantes y la mejora de la empleabilidad. <\/p>\n","protected":false},"author":1,"featured_media":6279,"comment_status":"open","ping_status":"open","sticky":false,"template":"","format":"standard","meta":{"footnotes":""},"categories":[369],"tags":[],"class_list":{"0":"post-5948","1":"post","2":"type-post","3":"status-publish","4":"format-standard","5":"has-post-thumbnail","7":"category-eventos"},"yoast_head":"<!-- This site is optimized with the Yoast SEO plugin v23.6 - https:\/\/yoast.com\/wordpress\/plugins\/seo\/ -->\n<title>PUE Academy Day 2024 | PUE ACADEMY BLOG<\/title>\n<meta name=\"description\" content=\"Los aspectos m\u00e1s destacados del PUE Academy Day, un evento clave para la comunidad educativa y la formaci\u00f3n en tecnolog\u00eda.\" \/>\n<meta name=\"robots\" content=\"index, follow, max-snippet:-1, max-image-preview:large, max-video-preview:-1\" \/>\n<link rel=\"canonical\" href=\"https:\/\/www.pue.es\/pue-academy\/blog\/pue-academy-day-2024\/\" \/>\n<meta property=\"og:locale\" content=\"es_ES\" \/>\n<meta property=\"og:type\" content=\"article\" \/>\n<meta property=\"og:title\" content=\"\u00c9xito en el PUE Academy Day 2024 sobre lo m\u00e1s innovador para la docencia en tecnolog\u00eda\" \/>\n<meta property=\"og:description\" content=\"Los aspectos m\u00e1s destacados del PUE Academy Day, un evento clave para la comunidad educativa y la formaci\u00f3n en tecnolog\u00eda.\" \/>\n<meta property=\"og:url\" content=\"https:\/\/www.pue.es\/pue-academy\/blog\/pue-academy-day-2024\/\" \/>\n<meta property=\"og:site_name\" content=\"PUE ACADEMY BLOG\" \/>\n<meta property=\"article:published_time\" content=\"2024-04-18T06:23:43+00:00\" \/>\n<meta property=\"article:modified_time\" content=\"2025-04-22T15:32:44+00:00\" \/>\n<meta property=\"og:image\" content=\"https:\/\/www.pue.es\/pue-academy\/blog\/wp-content\/uploads\/2024\/04\/PUE-Academy-Day.jpg\" \/>\n\t<meta property=\"og:image:width\" content=\"1200\" \/>\n\t<meta property=\"og:image:height\" content=\"630\" \/>\n\t<meta property=\"og:image:type\" content=\"image\/jpeg\" \/>\n<meta name=\"author\" content=\"admin-blogpue\" \/>\n<meta name=\"twitter:card\" content=\"summary_large_image\" \/>\n<meta name=\"twitter:title\" content=\"\u00c9xito en el PUE Academy Day 2024 sobre lo m\u00e1s innovador para la docencia en tecnolog\u00eda\" \/>\n<meta name=\"twitter:description\" content=\"Los aspectos m\u00e1s destacados del PUE Academy Day, un evento clave para la comunidad educativa y la formaci\u00f3n en tecnolog\u00eda.\" \/>\n<meta name=\"twitter:image\" content=\"https:\/\/www.pue.es\/pue-academy\/blog\/wp-content\/uploads\/2024\/04\/PUE-Academy-Day.jpg\" \/>\n<meta name=\"twitter:label1\" content=\"Escrito por\" \/>\n\t<meta name=\"twitter:data1\" content=\"admin-blogpue\" \/>\n\t<meta name=\"twitter:label2\" content=\"Tiempo de lectura\" \/>\n\t<meta name=\"twitter:data2\" content=\"5 minutos\" \/>\n<script type=\"application\/ld+json\" class=\"yoast-schema-graph\">{\"@context\":\"https:\/\/schema.org\",\"@graph\":[{\"@type\":\"WebPage\",\"@id\":\"https:\/\/www.pue.es\/pue-academy\/blog\/pue-academy-day-2024\/\",\"url\":\"https:\/\/www.pue.es\/pue-academy\/blog\/pue-academy-day-2024\/\",\"name\":\"PUE Academy Day 2024 | PUE ACADEMY BLOG\",\"isPartOf\":{\"@id\":\"https:\/\/www.pue.es\/pue-academy\/blog\/#website\"},\"primaryImageOfPage\":{\"@id\":\"https:\/\/www.pue.es\/pue-academy\/blog\/pue-academy-day-2024\/#primaryimage\"},\"image\":{\"@id\":\"https:\/\/www.pue.es\/pue-academy\/blog\/pue-academy-day-2024\/#primaryimage\"},\"thumbnailUrl\":\"https:\/\/www.pue.es\/pue-academy\/blog\/wp-content\/uploads\/2024\/04\/PUE-Academy-Day_.jpg\",\"datePublished\":\"2024-04-18T06:23:43+00:00\",\"dateModified\":\"2025-04-22T15:32:44+00:00\",\"author\":{\"@id\":\"https:\/\/www.pue.es\/pue-academy\/blog\/#\/schema\/person\/c1100c902cc7a9230c60a397b03adaed\"},\"description\":\"Los aspectos m\u00e1s destacados del PUE Academy Day, un evento clave para la comunidad educativa y la formaci\u00f3n en tecnolog\u00eda.\",\"breadcrumb\":{\"@id\":\"https:\/\/www.pue.es\/pue-academy\/blog\/pue-academy-day-2024\/#breadcrumb\"},\"inLanguage\":\"es\",\"potentialAction\":[{\"@type\":\"ReadAction\",\"target\":[\"https:\/\/www.pue.es\/pue-academy\/blog\/pue-academy-day-2024\/\"]}]},{\"@type\":\"ImageObject\",\"inLanguage\":\"es\",\"@id\":\"https:\/\/www.pue.es\/pue-academy\/blog\/pue-academy-day-2024\/#primaryimage\",\"url\":\"https:\/\/www.pue.es\/pue-academy\/blog\/wp-content\/uploads\/2024\/04\/PUE-Academy-Day_.jpg\",\"contentUrl\":\"https:\/\/www.pue.es\/pue-academy\/blog\/wp-content\/uploads\/2024\/04\/PUE-Academy-Day_.jpg\",\"width\":574,\"height\":322,\"caption\":\"PUE Academy Day\"},{\"@type\":\"BreadcrumbList\",\"@id\":\"https:\/\/www.pue.es\/pue-academy\/blog\/pue-academy-day-2024\/#breadcrumb\",\"itemListElement\":[{\"@type\":\"ListItem\",\"position\":1,\"name\":\"Blog\",\"item\":\"https:\/\/www.pue.es\/pue-academy\/blog\/\"},{\"@type\":\"ListItem\",\"position\":2,\"name\":\"Eventos\",\"item\":\"https:\/\/www.pue.es\/pue-academy\/blog\/category\/eventos\/\"},{\"@type\":\"ListItem\",\"position\":3,\"name\":\"\u00c9xito en el PUE Academy Day 2024 sobre lo m\u00e1s innovador para la docencia en tecnolog\u00eda\"}]},{\"@type\":\"WebSite\",\"@id\":\"https:\/\/www.pue.es\/pue-academy\/blog\/#website\",\"url\":\"https:\/\/www.pue.es\/pue-academy\/blog\/\",\"name\":\"PUE ACADEMY BLOG\",\"description\":\"\",\"potentialAction\":[{\"@type\":\"SearchAction\",\"target\":{\"@type\":\"EntryPoint\",\"urlTemplate\":\"https:\/\/www.pue.es\/pue-academy\/blog\/?s={search_term_string}\"},\"query-input\":{\"@type\":\"PropertyValueSpecification\",\"valueRequired\":true,\"valueName\":\"search_term_string\"}}],\"inLanguage\":\"es\"},{\"@type\":\"Person\",\"@id\":\"https:\/\/www.pue.es\/pue-academy\/blog\/#\/schema\/person\/c1100c902cc7a9230c60a397b03adaed\",\"name\":\"admin-blogpue\",\"image\":{\"@type\":\"ImageObject\",\"inLanguage\":\"es\",\"@id\":\"https:\/\/www.pue.es\/pue-academy\/blog\/#\/schema\/person\/image\/\",\"url\":\"https:\/\/secure.gravatar.com\/avatar\/10c64761a791b6c48b72d01ff9056b72d398a3caf12c9c7f96fae627d802ca23?s=96&d=mm&r=g\",\"contentUrl\":\"https:\/\/secure.gravatar.com\/avatar\/10c64761a791b6c48b72d01ff9056b72d398a3caf12c9c7f96fae627d802ca23?s=96&d=mm&r=g\",\"caption\":\"admin-blogpue\"},\"sameAs\":[\"http:\/\/www.eu4.pue.es\/blog\"],\"url\":\"https:\/\/www.pue.es\/pue-academy\/blog\/author\/admin-blogpue\/\"}]}<\/script>\n<!-- \/ Yoast SEO plugin. -->","yoast_head_json":{"title":"PUE Academy Day 2024 | PUE ACADEMY BLOG","description":"Los aspectos m\u00e1s destacados del PUE Academy Day, un evento clave para la comunidad educativa y la formaci\u00f3n en tecnolog\u00eda.","robots":{"index":"index","follow":"follow","max-snippet":"max-snippet:-1","max-image-preview":"max-image-preview:large","max-video-preview":"max-video-preview:-1"},"canonical":"https:\/\/www.pue.es\/pue-academy\/blog\/pue-academy-day-2024\/","og_locale":"es_ES","og_type":"article","og_title":"\u00c9xito en el PUE Academy Day 2024 sobre lo m\u00e1s innovador para la docencia en tecnolog\u00eda","og_description":"Los aspectos m\u00e1s destacados del PUE Academy Day, un evento clave para la comunidad educativa y la formaci\u00f3n en tecnolog\u00eda.","og_url":"https:\/\/www.pue.es\/pue-academy\/blog\/pue-academy-day-2024\/","og_site_name":"PUE ACADEMY BLOG","article_published_time":"2024-04-18T06:23:43+00:00","article_modified_time":"2025-04-22T15:32:44+00:00","og_image":[{"width":1200,"height":630,"url":"https:\/\/www.pue.es\/pue-academy\/blog\/wp-content\/uploads\/2024\/04\/PUE-Academy-Day.jpg","type":"image\/jpeg"}],"author":"admin-blogpue","twitter_card":"summary_large_image","twitter_title":"\u00c9xito en el PUE Academy Day 2024 sobre lo m\u00e1s innovador para la docencia en tecnolog\u00eda","twitter_description":"Los aspectos m\u00e1s destacados del PUE Academy Day, un evento clave para la comunidad educativa y la formaci\u00f3n en tecnolog\u00eda.","twitter_image":"https:\/\/www.pue.es\/pue-academy\/blog\/wp-content\/uploads\/2024\/04\/PUE-Academy-Day.jpg","twitter_misc":{"Escrito por":"admin-blogpue","Tiempo de lectura":"5 minutos"},"schema":{"@context":"https:\/\/schema.org","@graph":[{"@type":"WebPage","@id":"https:\/\/www.pue.es\/pue-academy\/blog\/pue-academy-day-2024\/","url":"https:\/\/www.pue.es\/pue-academy\/blog\/pue-academy-day-2024\/","name":"PUE Academy Day 2024 | PUE ACADEMY BLOG","isPartOf":{"@id":"https:\/\/www.pue.es\/pue-academy\/blog\/#website"},"primaryImageOfPage":{"@id":"https:\/\/www.pue.es\/pue-academy\/blog\/pue-academy-day-2024\/#primaryimage"},"image":{"@id":"https:\/\/www.pue.es\/pue-academy\/blog\/pue-academy-day-2024\/#primaryimage"},"thumbnailUrl":"https:\/\/www.pue.es\/pue-academy\/blog\/wp-content\/uploads\/2024\/04\/PUE-Academy-Day_.jpg","datePublished":"2024-04-18T06:23:43+00:00","dateModified":"2025-04-22T15:32:44+00:00","author":{"@id":"https:\/\/www.pue.es\/pue-academy\/blog\/#\/schema\/person\/c1100c902cc7a9230c60a397b03adaed"},"description":"Los aspectos m\u00e1s destacados del PUE Academy Day, un evento clave para la comunidad educativa y la formaci\u00f3n en tecnolog\u00eda.","breadcrumb":{"@id":"https:\/\/www.pue.es\/pue-academy\/blog\/pue-academy-day-2024\/#breadcrumb"},"inLanguage":"es","potentialAction":[{"@type":"ReadAction","target":["https:\/\/www.pue.es\/pue-academy\/blog\/pue-academy-day-2024\/"]}]},{"@type":"ImageObject","inLanguage":"es","@id":"https:\/\/www.pue.es\/pue-academy\/blog\/pue-academy-day-2024\/#primaryimage","url":"https:\/\/www.pue.es\/pue-academy\/blog\/wp-content\/uploads\/2024\/04\/PUE-Academy-Day_.jpg","contentUrl":"https:\/\/www.pue.es\/pue-academy\/blog\/wp-content\/uploads\/2024\/04\/PUE-Academy-Day_.jpg","width":574,"height":322,"caption":"PUE Academy Day"},{"@type":"BreadcrumbList","@id":"https:\/\/www.pue.es\/pue-academy\/blog\/pue-academy-day-2024\/#breadcrumb","itemListElement":[{"@type":"ListItem","position":1,"name":"Blog","item":"https:\/\/www.pue.es\/pue-academy\/blog\/"},{"@type":"ListItem","position":2,"name":"Eventos","item":"https:\/\/www.pue.es\/pue-academy\/blog\/category\/eventos\/"},{"@type":"ListItem","position":3,"name":"\u00c9xito en el PUE Academy Day 2024 sobre lo m\u00e1s innovador para la docencia en tecnolog\u00eda"}]},{"@type":"WebSite","@id":"https:\/\/www.pue.es\/pue-academy\/blog\/#website","url":"https:\/\/www.pue.es\/pue-academy\/blog\/","name":"PUE ACADEMY BLOG","description":"","potentialAction":[{"@type":"SearchAction","target":{"@type":"EntryPoint","urlTemplate":"https:\/\/www.pue.es\/pue-academy\/blog\/?s={search_term_string}"},"query-input":{"@type":"PropertyValueSpecification","valueRequired":true,"valueName":"search_term_string"}}],"inLanguage":"es"},{"@type":"Person","@id":"https:\/\/www.pue.es\/pue-academy\/blog\/#\/schema\/person\/c1100c902cc7a9230c60a397b03adaed","name":"admin-blogpue","image":{"@type":"ImageObject","inLanguage":"es","@id":"https:\/\/www.pue.es\/pue-academy\/blog\/#\/schema\/person\/image\/","url":"https:\/\/secure.gravatar.com\/avatar\/10c64761a791b6c48b72d01ff9056b72d398a3caf12c9c7f96fae627d802ca23?s=96&d=mm&r=g","contentUrl":"https:\/\/secure.gravatar.com\/avatar\/10c64761a791b6c48b72d01ff9056b72d398a3caf12c9c7f96fae627d802ca23?s=96&d=mm&r=g","caption":"admin-blogpue"},"sameAs":["http:\/\/www.eu4.pue.es\/blog"],"url":"https:\/\/www.pue.es\/pue-academy\/blog\/author\/admin-blogpue\/"}]}},"_links":{"self":[{"href":"https:\/\/www.pue.es\/pue-academy\/blog\/wp-json\/wp\/v2\/posts\/5948","targetHints":{"allow":["GET"]}}],"collection":[{"href":"https:\/\/www.pue.es\/pue-academy\/blog\/wp-json\/wp\/v2\/posts"}],"about":[{"href":"https:\/\/www.pue.es\/pue-academy\/blog\/wp-json\/wp\/v2\/types\/post"}],"author":[{"embeddable":true,"href":"https:\/\/www.pue.es\/pue-academy\/blog\/wp-json\/wp\/v2\/users\/1"}],"replies":[{"embeddable":true,"href":"https:\/\/www.pue.es\/pue-academy\/blog\/wp-json\/wp\/v2\/comments?post=5948"}],"version-history":[{"count":6,"href":"https:\/\/www.pue.es\/pue-academy\/blog\/wp-json\/wp\/v2\/posts\/5948\/revisions"}],"predecessor-version":[{"id":6281,"href":"https:\/\/www.pue.es\/pue-academy\/blog\/wp-json\/wp\/v2\/posts\/5948\/revisions\/6281"}],"wp:featuredmedia":[{"embeddable":true,"href":"https:\/\/www.pue.es\/pue-academy\/blog\/wp-json\/wp\/v2\/media\/6279"}],"wp:attachment":[{"href":"https:\/\/www.pue.es\/pue-academy\/blog\/wp-json\/wp\/v2\/media?parent=5948"}],"wp:term":[{"taxonomy":"category","embeddable":true,"href":"https:\/\/www.pue.es\/pue-academy\/blog\/wp-json\/wp\/v2\/categories?post=5948"},{"taxonomy":"post_tag","embeddable":true,"href":"https:\/\/www.pue.es\/pue-academy\/blog\/wp-json\/wp\/v2\/tags?post=5948"}],"curies":[{"name":"wp","href":"https:\/\/api.w.org\/{rel}","templated":true}]}}