{"id":5908,"date":"2023-05-18T11:15:04","date_gmt":"2023-05-18T09:15:04","guid":{"rendered":"https:\/\/www.py.pue.es\/pue-academy\/blog\/el-consorcio-para-la-formacion-continua-de-cataluna-cfcc-y-cisco-afianzan-su-colaboracion-para-impulsar-la-formacion-de-profesionales-en-las-tecnologias-mas-demandadas-por-las-empresas-catalanas\/"},"modified":"2025-04-22T17:35:28","modified_gmt":"2025-04-22T15:35:28","slug":"cfcc-cisco-impulsar-formacion-tecnologias-empresas-catalanas","status":"publish","type":"post","link":"https:\/\/www.pue.es\/pue-academy\/blog\/cfcc-cisco-impulsar-formacion-tecnologias-empresas-catalanas\/","title":{"rendered":"El Consorcio para la Formaci\u00f3n Cont\u00ednua de Catalu\u00f1a (CFCC) y Cisco impulsan la formaci\u00f3n tecnol\u00f3gica en Catalu\u00f1a"},"content":{"rendered":"[vc_row type=\u00bbin_container\u00bb full_screen_row_position=\u00bbmiddle\u00bb column_margin=\u00bbdefault\u00bb column_direction=\u00bbdefault\u00bb column_direction_tablet=\u00bbdefault\u00bb column_direction_phone=\u00bbdefault\u00bb scene_position=\u00bbcenter\u00bb text_color=\u00bbdark\u00bb text_align=\u00bbleft\u00bb row_border_radius=\u00bbnone\u00bb row_border_radius_applies=\u00bbbg\u00bb overflow=\u00bbvisible\u00bb overlay_strength=\u00bb0.3&#8243; gradient_direction=\u00bbleft_to_right\u00bb shape_divider_position=\u00bbbottom\u00bb bg_image_animation=\u00bbnone\u00bb][vc_column column_padding=\u00bbno-extra-padding\u00bb column_padding_tablet=\u00bbinherit\u00bb column_padding_phone=\u00bbinherit\u00bb column_padding_position=\u00bball\u00bb column_element_direction_desktop=\u00bbdefault\u00bb column_element_spacing=\u00bbdefault\u00bb desktop_text_alignment=\u00bbdefault\u00bb tablet_text_alignment=\u00bbdefault\u00bb phone_text_alignment=\u00bbdefault\u00bb background_color_opacity=\u00bb1&#8243; background_hover_color_opacity=\u00bb1&#8243; column_backdrop_filter=\u00bbnone\u00bb column_shadow=\u00bbnone\u00bb column_border_radius=\u00bbnone\u00bb column_link_target=\u00bb_self\u00bb column_position=\u00bbdefault\u00bb gradient_direction=\u00bbleft_to_right\u00bb overlay_strength=\u00bb0.3&#8243; width=\u00bb1\/1&#8243; tablet_width_inherit=\u00bbdefault\u00bb animation_type=\u00bbdefault\u00bb bg_image_animation=\u00bbnone\u00bb border_type=\u00bbsimple\u00bb column_border_width=\u00bbnone\u00bb column_border_style=\u00bbsolid\u00bb][vc_column_text]\n<h1>El Consorcio para la Formaci\u00f3n Cont\u00ednua de Catalu\u00f1a (CFCC) promueve la formaci\u00f3n de perfiles en las tecnolog\u00edas m\u00e1s demandadas del sector TIC con el apoyo de las multinacionales de referencia. El alto volumen de participaci\u00f3n en sus convocatorias de formaci\u00f3n marca un caso de \u00e9xito en el marco de la colaboraci\u00f3n p\u00fablico-privada.<\/h1>\n<p>El pasado 1 de marzo el CFCC, Cisco Networking Academy y PUE celebraron un encuentro en Barcelona para seguir estableciendo sinergias que promuevan la empleabilidad de la ciudadan\u00eda a trav\u00e9s de la formaci\u00f3n de calidad en tecnolog\u00eda demandada por el mercado laboral.<\/p>\n<p>El encuentro evidenci\u00f3 los beneficios de esta colaboraci\u00f3n p\u00fablico-privada. Se analizaron los buenos resultados de la apuesta del CFCC por incorporar a su cat\u00e1logo de acciones formativas en tecnolog\u00eda (TIC 4.0) los cursos oficiales enmarcados en la iniciativa Cisco Networking Academy.<\/p>\n<p>A lo largo de los m\u00e1s de 10 a\u00f1os de colaboraci\u00f3n activa entre CFCC y Cisco, se ha facilitado a miles de ciudadanos catalanes el acceso a formaci\u00f3n oficial totalmente subvencionada en las tecnolog\u00edas m\u00e1s demandadas por el mercado laboral. Destacan los cursos de CCNA, Cyber Ops, Network Security, Python, Linux LPIC 1, entre otros muchos.<\/p>\n<p>Representando al equipo de Cisco, estuvieron presentes <strong>Laura Quintana<\/strong>, Vice President &amp; General Manager de Cisco <a href=\"https:\/\/blog.pue.es\/pue-academy\/premier-partner-cisco-networking-academy\/\" target=\"_blank\" rel=\"noopener\">Networking Academy<\/a>; <strong>Alfie Hamid<\/strong>, Corporate Affairs Senior Manager, Global Partnerships y <strong>Alejandra Bl\u00e1zquez<\/strong>, Director, Corporate Social Responsibility en Cisco. Acompa\u00f1ados por el equipo de PUE: <strong>Javier Dom\u00ednguez<\/strong>, CEO y <strong>Elena Ja\u00e9n<\/strong>, Directora de Formaci\u00f3n y Desarrollo de Negocio.[\/vc_column_text][vc_row_inner equal_height=\u00bbyes\u00bb content_placement=\u00bbmiddle\u00bb column_margin=\u00bb30px\u00bb column_direction=\u00bbdefault\u00bb column_direction_tablet=\u00bbdefault\u00bb column_direction_phone=\u00bbdefault\u00bb text_align=\u00bbleft\u00bb row_position=\u00bbdefault\u00bb row_position_tablet=\u00bbinherit\u00bb row_position_phone=\u00bbinherit\u00bb overflow=\u00bbvisible\u00bb pointer_events=\u00bball\u00bb][vc_column_inner column_padding=\u00bbno-extra-padding\u00bb column_padding_tablet=\u00bbinherit\u00bb column_padding_phone=\u00bbinherit\u00bb column_padding_position=\u00bball\u00bb column_element_direction_desktop=\u00bbdefault\u00bb column_element_spacing=\u00bbdefault\u00bb desktop_text_alignment=\u00bbdefault\u00bb tablet_text_alignment=\u00bbdefault\u00bb phone_text_alignment=\u00bbdefault\u00bb background_color_opacity=\u00bb1&#8243; background_hover_color_opacity=\u00bb1&#8243; column_backdrop_filter=\u00bbnone\u00bb column_shadow=\u00bbnone\u00bb column_border_radius=\u00bbnone\u00bb column_link_target=\u00bb_self\u00bb overflow=\u00bbvisible\u00bb gradient_direction=\u00bbleft_to_right\u00bb overlay_strength=\u00bb0.3&#8243; width=\u00bb1\/2&#8243; tablet_width_inherit=\u00bbdefault\u00bb animation_type=\u00bbdefault\u00bb bg_image_animation=\u00bbnone\u00bb border_type=\u00bbsimple\u00bb column_border_width=\u00bbnone\u00bb column_border_style=\u00bbsolid\u00bb][image_with_animation image_url=\u00bb6236&#8243; image_size=\u00bbfull\u00bb animation_type=\u00bbentrance\u00bb animation=\u00bbNone\u00bb animation_movement_type=\u00bbtransform_y\u00bb hover_animation=\u00bbnone\u00bb alignment=\u00bb\u00bb border_radius=\u00bbnone\u00bb box_shadow=\u00bbnone\u00bb image_loading=\u00bbdefault\u00bb max_width=\u00bb100%\u00bb max_width_mobile=\u00bbdefault\u00bb][\/vc_column_inner][vc_column_inner column_padding=\u00bbno-extra-padding\u00bb column_padding_tablet=\u00bbinherit\u00bb column_padding_phone=\u00bbinherit\u00bb column_padding_position=\u00bball\u00bb column_element_direction_desktop=\u00bbdefault\u00bb column_element_spacing=\u00bbdefault\u00bb desktop_text_alignment=\u00bbdefault\u00bb tablet_text_alignment=\u00bbdefault\u00bb phone_text_alignment=\u00bbdefault\u00bb background_color_opacity=\u00bb1&#8243; background_hover_color_opacity=\u00bb1&#8243; column_backdrop_filter=\u00bbnone\u00bb column_shadow=\u00bbnone\u00bb column_border_radius=\u00bbnone\u00bb column_link_target=\u00bb_self\u00bb overflow=\u00bbvisible\u00bb gradient_direction=\u00bbleft_to_right\u00bb overlay_strength=\u00bb0.3&#8243; width=\u00bb1\/2&#8243; tablet_width_inherit=\u00bbdefault\u00bb animation_type=\u00bbdefault\u00bb bg_image_animation=\u00bbnone\u00bb border_type=\u00bbsimple\u00bb column_border_width=\u00bbnone\u00bb column_border_style=\u00bbsolid\u00bb][image_with_animation image_url=\u00bb6234&#8243; image_size=\u00bbfull\u00bb animation_type=\u00bbentrance\u00bb animation=\u00bbNone\u00bb animation_movement_type=\u00bbtransform_y\u00bb hover_animation=\u00bbnone\u00bb alignment=\u00bb\u00bb border_radius=\u00bbnone\u00bb box_shadow=\u00bbnone\u00bb image_loading=\u00bbdefault\u00bb max_width=\u00bb100%\u00bb max_width_mobile=\u00bbdefault\u00bb][\/vc_column_inner][\/vc_row_inner][vc_column_text]<strong>Alex Lobaco<\/strong>, Subdirector de Programas de Formaci\u00f3n CFCC y <strong>Gemma Aguy\u00e9<\/strong>, Subdirectora de Planificaci\u00f3n, Innovaci\u00f3n i RH presentaron un interesante overview del proyecto de formaci\u00f3n que impulsan. Su exposici\u00f3n puso de manifiesto la gran labor de esta entidad, haciendo posible el acceso gratuito a formaci\u00f3n IT de calidad a la ciudadan\u00eda, gracias a los fondos de formaci\u00f3n que la Generalitat de Catalunya pone a disposici\u00f3n de centros homologados por Consorci como PUE.<\/p>\n<p>Laura Quintana destac\u00f3 el impacto social de la actividad que se desarrolla desde el CFCC maximizando la accesibilidad a formaci\u00f3n en tecnolog\u00eda, y valor\u00f3 muy positivamente los objetivos que se persiguen: la empleabilidad y mejora profesional de las personas formadas.<\/p>\n<p>El encuentro puso en valor una de las claves del \u00e9xito de la apuesta del CFCC: un cat\u00e1logo de formaci\u00f3n IT alineado a la demanda del mercado, en constante revisi\u00f3n y adaptaci\u00f3n, con cursos alineados a las certificaciones m\u00e1s demandadas en 2023, entre las que se encuentran las certificaciones Cisco en Internet, Redes y Ciberseguridad.<\/p>\n<p>PUE tiene una labor activa en la colaboraci\u00f3n entre CFCC y Cisco. Como entidad homologada por Consorci, ha formado en los tres \u00faltimos a\u00f1os a 1532 alumnos en las especialidades de Cisco incluidas en el cat\u00e1logo de Consorci.<\/p>\n<p>Como Premier Partner de Cisco Networking Academy y en sus figuras ITC (Instructor Training Center) y ASC (Academy Support Center), PUE Academy facilita la adhesi\u00f3n al programa por parte de instituciones y centros de formaci\u00f3n que quieran impartir formaci\u00f3n y certificaci\u00f3n oficial de la iniciativa acad\u00e9mica de Cisco. Incluidos los centros homologados por Consorci.<\/p>\n<p>Actualmente ya son m\u00e1s de 300 centros los que se han adherido a la iniciativa Cisco Networking Academy a trav\u00e9s de PUE Academy convirti\u00e9ndose en Cisco Academies. Con m\u00e1s de 12.000 alumnos formados en el \u00faltimo a\u00f1o acad\u00e9mico en CCNA, Python y Ciberseguridad, entre otros.<\/p>\n<h3><strong>Enlaces de inter\u00e9s:<\/strong><\/h3>\n<ul>\n<li><a href=\"https:\/\/conforcat.gencat.cat\/ca\/inici?\" target=\"_blank\" rel=\"noopener\">Consorcio para la Formaci\u00f3n Cont\u00ednua de Catalu\u00f1a (CFCC)<\/a><\/li>\n<li><a href=\"https:\/\/consorci.pue.es\/\" target=\"_blank\" rel=\"noopener\">Oferta de formaci\u00f3n de PUE en convocatorias TIC de Consorci<\/a><\/li>\n<li><a href=\"https:\/\/www.pue.es\/pue-academy\/cisco-networking-academy\" target=\"_blank\" rel=\"noopener\">Programa Cisco Networking Academy para instituciones educativas<\/a><\/li>\n<li><a href=\"https:\/\/www.pue.es\/pue-academy\/academy-talk\/sepe-formacion-cisco\" target=\"_blank\" rel=\"noopener\">Aplicaci\u00f3n de la figura de centro oficial Cisco Networking Academy en la impartici\u00f3n de formaci\u00f3n para el empleo<\/a><\/li>\n<\/ul>\n[\/vc_column_text][\/vc_column][\/vc_row]\n","protected":false},"excerpt":{"rendered":"<p>PUE tiene una labor activa en la colaboraci\u00f3n entre CFCC y Cisco. Como entidad homologada por Consorci, ha formado en los tres \u00faltimos a\u00f1os a 1532 alumnos en las especialidades de Cisco incluidas en el cat\u00e1logo de Consorci.<\/p>\n","protected":false},"author":1,"featured_media":6300,"comment_status":"open","ping_status":"open","sticky":false,"template":"","format":"standard","meta":{"footnotes":""},"categories":[363],"tags":[],"class_list":{"0":"post-5908","1":"post","2":"type-post","3":"status-publish","4":"format-standard","5":"has-post-thumbnail","7":"category-casos-de-exito"},"yoast_head":"<!-- This site is optimized with the Yoast SEO plugin v23.6 - https:\/\/yoast.com\/wordpress\/plugins\/seo\/ -->\n<title>CFCC y Cisco impulsan la formaci\u00f3n tecnol\u00f3gica en Catalu\u00f1a<\/title>\n<meta name=\"description\" content=\"El Consorcio para la Formaci\u00f3n Cont\u00ednua de Catalu\u00f1a promueve la formaci\u00f3n de perfiles en las tecnolog\u00edas m\u00e1s demandadas del sector TIC .\" \/>\n<meta name=\"robots\" content=\"index, follow, max-snippet:-1, max-image-preview:large, max-video-preview:-1\" \/>\n<link rel=\"canonical\" href=\"https:\/\/www.pue.es\/pue-academy\/blog\/cfcc-cisco-impulsar-formacion-tecnologias-empresas-catalanas\/\" \/>\n<meta property=\"og:locale\" content=\"es_ES\" \/>\n<meta property=\"og:type\" content=\"article\" \/>\n<meta property=\"og:title\" content=\"CFCC y Cisco impulsan la formaci\u00f3n tecnol\u00f3gica en Catalu\u00f1a\" \/>\n<meta property=\"og:description\" content=\"El Consorcio para la Formaci\u00f3n Cont\u00ednua de Catalu\u00f1a (CFCC) y Cisco afianzan su colaboraci\u00f3n para impulsar la formaci\u00f3n de profesionales en las tecnolog\u00edas m\u00e1s demandadas por las empresas catalanas.\" \/>\n<meta property=\"og:url\" content=\"https:\/\/www.pue.es\/pue-academy\/blog\/cfcc-cisco-impulsar-formacion-tecnologias-empresas-catalanas\/\" \/>\n<meta property=\"og:site_name\" content=\"PUE ACADEMY BLOG\" \/>\n<meta property=\"article:published_time\" content=\"2023-05-18T09:15:04+00:00\" \/>\n<meta property=\"article:modified_time\" content=\"2025-04-22T15:35:28+00:00\" \/>\n<meta property=\"og:image\" content=\"https:\/\/www.pue.es\/pue-academy\/blog\/wp-content\/uploads\/2023\/05\/CFCC-y-Cisco-1.jpg\" \/>\n\t<meta property=\"og:image:width\" content=\"1200\" \/>\n\t<meta property=\"og:image:height\" content=\"630\" \/>\n\t<meta property=\"og:image:type\" content=\"image\/jpeg\" \/>\n<meta name=\"author\" content=\"admin-blogpue\" \/>\n<meta name=\"twitter:card\" content=\"summary_large_image\" \/>\n<meta name=\"twitter:title\" content=\"CFCC y Cisco impulsan la formaci\u00f3n tecnol\u00f3gica en Catalu\u00f1a\" \/>\n<meta name=\"twitter:description\" content=\"El Consorcio para la Formaci\u00f3n Cont\u00ednua de Catalu\u00f1a (CFCC) y Cisco afianzan su colaboraci\u00f3n para impulsar la formaci\u00f3n de profesionales en las tecnolog\u00edas m\u00e1s demandadas por las empresas catalanas.\" \/>\n<meta name=\"twitter:image\" content=\"https:\/\/www.pue.es\/pue-academy\/blog\/wp-content\/uploads\/2023\/05\/CFCC-y-Cisco-1.jpg\" \/>\n<meta name=\"twitter:label1\" content=\"Escrito por\" \/>\n\t<meta name=\"twitter:data1\" content=\"admin-blogpue\" \/>\n\t<meta name=\"twitter:label2\" content=\"Tiempo de lectura\" \/>\n\t<meta name=\"twitter:data2\" content=\"4 minutos\" \/>\n<script type=\"application\/ld+json\" class=\"yoast-schema-graph\">{\"@context\":\"https:\/\/schema.org\",\"@graph\":[{\"@type\":\"WebPage\",\"@id\":\"https:\/\/www.pue.es\/pue-academy\/blog\/cfcc-cisco-impulsar-formacion-tecnologias-empresas-catalanas\/\",\"url\":\"https:\/\/www.pue.es\/pue-academy\/blog\/cfcc-cisco-impulsar-formacion-tecnologias-empresas-catalanas\/\",\"name\":\"CFCC y Cisco impulsan la formaci\u00f3n tecnol\u00f3gica en Catalu\u00f1a\",\"isPartOf\":{\"@id\":\"https:\/\/www.pue.es\/pue-academy\/blog\/#website\"},\"primaryImageOfPage\":{\"@id\":\"https:\/\/www.pue.es\/pue-academy\/blog\/cfcc-cisco-impulsar-formacion-tecnologias-empresas-catalanas\/#primaryimage\"},\"image\":{\"@id\":\"https:\/\/www.pue.es\/pue-academy\/blog\/cfcc-cisco-impulsar-formacion-tecnologias-empresas-catalanas\/#primaryimage\"},\"thumbnailUrl\":\"https:\/\/www.pue.es\/pue-academy\/blog\/wp-content\/uploads\/2023\/05\/CFCC-y-Cisco_.jpg\",\"datePublished\":\"2023-05-18T09:15:04+00:00\",\"dateModified\":\"2025-04-22T15:35:28+00:00\",\"author\":{\"@id\":\"https:\/\/www.pue.es\/pue-academy\/blog\/#\/schema\/person\/c1100c902cc7a9230c60a397b03adaed\"},\"description\":\"El Consorcio para la Formaci\u00f3n Cont\u00ednua de Catalu\u00f1a promueve la formaci\u00f3n de perfiles en las tecnolog\u00edas m\u00e1s demandadas del sector TIC .\",\"breadcrumb\":{\"@id\":\"https:\/\/www.pue.es\/pue-academy\/blog\/cfcc-cisco-impulsar-formacion-tecnologias-empresas-catalanas\/#breadcrumb\"},\"inLanguage\":\"es\",\"potentialAction\":[{\"@type\":\"ReadAction\",\"target\":[\"https:\/\/www.pue.es\/pue-academy\/blog\/cfcc-cisco-impulsar-formacion-tecnologias-empresas-catalanas\/\"]}]},{\"@type\":\"ImageObject\",\"inLanguage\":\"es\",\"@id\":\"https:\/\/www.pue.es\/pue-academy\/blog\/cfcc-cisco-impulsar-formacion-tecnologias-empresas-catalanas\/#primaryimage\",\"url\":\"https:\/\/www.pue.es\/pue-academy\/blog\/wp-content\/uploads\/2023\/05\/CFCC-y-Cisco_.jpg\",\"contentUrl\":\"https:\/\/www.pue.es\/pue-academy\/blog\/wp-content\/uploads\/2023\/05\/CFCC-y-Cisco_.jpg\",\"width\":574,\"height\":322,\"caption\":\"CFCC y Cisco\"},{\"@type\":\"BreadcrumbList\",\"@id\":\"https:\/\/www.pue.es\/pue-academy\/blog\/cfcc-cisco-impulsar-formacion-tecnologias-empresas-catalanas\/#breadcrumb\",\"itemListElement\":[{\"@type\":\"ListItem\",\"position\":1,\"name\":\"Blog\",\"item\":\"https:\/\/www.pue.es\/pue-academy\/blog\/\"},{\"@type\":\"ListItem\",\"position\":2,\"name\":\"Casos de \u00e9xito\",\"item\":\"https:\/\/www.pue.es\/pue-academy\/blog\/category\/casos-de-exito\/\"},{\"@type\":\"ListItem\",\"position\":3,\"name\":\"El Consorcio para la Formaci\u00f3n Cont\u00ednua de Catalu\u00f1a (CFCC) y Cisco impulsan la formaci\u00f3n tecnol\u00f3gica en Catalu\u00f1a\"}]},{\"@type\":\"WebSite\",\"@id\":\"https:\/\/www.pue.es\/pue-academy\/blog\/#website\",\"url\":\"https:\/\/www.pue.es\/pue-academy\/blog\/\",\"name\":\"PUE ACADEMY BLOG\",\"description\":\"\",\"potentialAction\":[{\"@type\":\"SearchAction\",\"target\":{\"@type\":\"EntryPoint\",\"urlTemplate\":\"https:\/\/www.pue.es\/pue-academy\/blog\/?s={search_term_string}\"},\"query-input\":{\"@type\":\"PropertyValueSpecification\",\"valueRequired\":true,\"valueName\":\"search_term_string\"}}],\"inLanguage\":\"es\"},{\"@type\":\"Person\",\"@id\":\"https:\/\/www.pue.es\/pue-academy\/blog\/#\/schema\/person\/c1100c902cc7a9230c60a397b03adaed\",\"name\":\"admin-blogpue\",\"image\":{\"@type\":\"ImageObject\",\"inLanguage\":\"es\",\"@id\":\"https:\/\/www.pue.es\/pue-academy\/blog\/#\/schema\/person\/image\/\",\"url\":\"https:\/\/secure.gravatar.com\/avatar\/10c64761a791b6c48b72d01ff9056b72d398a3caf12c9c7f96fae627d802ca23?s=96&d=mm&r=g\",\"contentUrl\":\"https:\/\/secure.gravatar.com\/avatar\/10c64761a791b6c48b72d01ff9056b72d398a3caf12c9c7f96fae627d802ca23?s=96&d=mm&r=g\",\"caption\":\"admin-blogpue\"},\"sameAs\":[\"http:\/\/www.eu4.pue.es\/blog\"],\"url\":\"https:\/\/www.pue.es\/pue-academy\/blog\/author\/admin-blogpue\/\"}]}<\/script>\n<!-- \/ Yoast SEO plugin. -->","yoast_head_json":{"title":"CFCC y Cisco impulsan la formaci\u00f3n tecnol\u00f3gica en Catalu\u00f1a","description":"El Consorcio para la Formaci\u00f3n Cont\u00ednua de Catalu\u00f1a promueve la formaci\u00f3n de perfiles en las tecnolog\u00edas m\u00e1s demandadas del sector TIC .","robots":{"index":"index","follow":"follow","max-snippet":"max-snippet:-1","max-image-preview":"max-image-preview:large","max-video-preview":"max-video-preview:-1"},"canonical":"https:\/\/www.pue.es\/pue-academy\/blog\/cfcc-cisco-impulsar-formacion-tecnologias-empresas-catalanas\/","og_locale":"es_ES","og_type":"article","og_title":"CFCC y Cisco impulsan la formaci\u00f3n tecnol\u00f3gica en Catalu\u00f1a","og_description":"El Consorcio para la Formaci\u00f3n Cont\u00ednua de Catalu\u00f1a (CFCC) y Cisco afianzan su colaboraci\u00f3n para impulsar la formaci\u00f3n de profesionales en las tecnolog\u00edas m\u00e1s demandadas por las empresas catalanas.","og_url":"https:\/\/www.pue.es\/pue-academy\/blog\/cfcc-cisco-impulsar-formacion-tecnologias-empresas-catalanas\/","og_site_name":"PUE ACADEMY BLOG","article_published_time":"2023-05-18T09:15:04+00:00","article_modified_time":"2025-04-22T15:35:28+00:00","og_image":[{"width":1200,"height":630,"url":"https:\/\/www.pue.es\/pue-academy\/blog\/wp-content\/uploads\/2023\/05\/CFCC-y-Cisco-1.jpg","type":"image\/jpeg"}],"author":"admin-blogpue","twitter_card":"summary_large_image","twitter_title":"CFCC y Cisco impulsan la formaci\u00f3n tecnol\u00f3gica en Catalu\u00f1a","twitter_description":"El Consorcio para la Formaci\u00f3n Cont\u00ednua de Catalu\u00f1a (CFCC) y Cisco afianzan su colaboraci\u00f3n para impulsar la formaci\u00f3n de profesionales en las tecnolog\u00edas m\u00e1s demandadas por las empresas catalanas.","twitter_image":"https:\/\/www.pue.es\/pue-academy\/blog\/wp-content\/uploads\/2023\/05\/CFCC-y-Cisco-1.jpg","twitter_misc":{"Escrito por":"admin-blogpue","Tiempo de lectura":"4 minutos"},"schema":{"@context":"https:\/\/schema.org","@graph":[{"@type":"WebPage","@id":"https:\/\/www.pue.es\/pue-academy\/blog\/cfcc-cisco-impulsar-formacion-tecnologias-empresas-catalanas\/","url":"https:\/\/www.pue.es\/pue-academy\/blog\/cfcc-cisco-impulsar-formacion-tecnologias-empresas-catalanas\/","name":"CFCC y Cisco impulsan la formaci\u00f3n tecnol\u00f3gica en Catalu\u00f1a","isPartOf":{"@id":"https:\/\/www.pue.es\/pue-academy\/blog\/#website"},"primaryImageOfPage":{"@id":"https:\/\/www.pue.es\/pue-academy\/blog\/cfcc-cisco-impulsar-formacion-tecnologias-empresas-catalanas\/#primaryimage"},"image":{"@id":"https:\/\/www.pue.es\/pue-academy\/blog\/cfcc-cisco-impulsar-formacion-tecnologias-empresas-catalanas\/#primaryimage"},"thumbnailUrl":"https:\/\/www.pue.es\/pue-academy\/blog\/wp-content\/uploads\/2023\/05\/CFCC-y-Cisco_.jpg","datePublished":"2023-05-18T09:15:04+00:00","dateModified":"2025-04-22T15:35:28+00:00","author":{"@id":"https:\/\/www.pue.es\/pue-academy\/blog\/#\/schema\/person\/c1100c902cc7a9230c60a397b03adaed"},"description":"El Consorcio para la Formaci\u00f3n Cont\u00ednua de Catalu\u00f1a promueve la formaci\u00f3n de perfiles en las tecnolog\u00edas m\u00e1s demandadas del sector TIC .","breadcrumb":{"@id":"https:\/\/www.pue.es\/pue-academy\/blog\/cfcc-cisco-impulsar-formacion-tecnologias-empresas-catalanas\/#breadcrumb"},"inLanguage":"es","potentialAction":[{"@type":"ReadAction","target":["https:\/\/www.pue.es\/pue-academy\/blog\/cfcc-cisco-impulsar-formacion-tecnologias-empresas-catalanas\/"]}]},{"@type":"ImageObject","inLanguage":"es","@id":"https:\/\/www.pue.es\/pue-academy\/blog\/cfcc-cisco-impulsar-formacion-tecnologias-empresas-catalanas\/#primaryimage","url":"https:\/\/www.pue.es\/pue-academy\/blog\/wp-content\/uploads\/2023\/05\/CFCC-y-Cisco_.jpg","contentUrl":"https:\/\/www.pue.es\/pue-academy\/blog\/wp-content\/uploads\/2023\/05\/CFCC-y-Cisco_.jpg","width":574,"height":322,"caption":"CFCC y Cisco"},{"@type":"BreadcrumbList","@id":"https:\/\/www.pue.es\/pue-academy\/blog\/cfcc-cisco-impulsar-formacion-tecnologias-empresas-catalanas\/#breadcrumb","itemListElement":[{"@type":"ListItem","position":1,"name":"Blog","item":"https:\/\/www.pue.es\/pue-academy\/blog\/"},{"@type":"ListItem","position":2,"name":"Casos de \u00e9xito","item":"https:\/\/www.pue.es\/pue-academy\/blog\/category\/casos-de-exito\/"},{"@type":"ListItem","position":3,"name":"El Consorcio para la Formaci\u00f3n Cont\u00ednua de Catalu\u00f1a (CFCC) y Cisco impulsan la formaci\u00f3n tecnol\u00f3gica en Catalu\u00f1a"}]},{"@type":"WebSite","@id":"https:\/\/www.pue.es\/pue-academy\/blog\/#website","url":"https:\/\/www.pue.es\/pue-academy\/blog\/","name":"PUE ACADEMY BLOG","description":"","potentialAction":[{"@type":"SearchAction","target":{"@type":"EntryPoint","urlTemplate":"https:\/\/www.pue.es\/pue-academy\/blog\/?s={search_term_string}"},"query-input":{"@type":"PropertyValueSpecification","valueRequired":true,"valueName":"search_term_string"}}],"inLanguage":"es"},{"@type":"Person","@id":"https:\/\/www.pue.es\/pue-academy\/blog\/#\/schema\/person\/c1100c902cc7a9230c60a397b03adaed","name":"admin-blogpue","image":{"@type":"ImageObject","inLanguage":"es","@id":"https:\/\/www.pue.es\/pue-academy\/blog\/#\/schema\/person\/image\/","url":"https:\/\/secure.gravatar.com\/avatar\/10c64761a791b6c48b72d01ff9056b72d398a3caf12c9c7f96fae627d802ca23?s=96&d=mm&r=g","contentUrl":"https:\/\/secure.gravatar.com\/avatar\/10c64761a791b6c48b72d01ff9056b72d398a3caf12c9c7f96fae627d802ca23?s=96&d=mm&r=g","caption":"admin-blogpue"},"sameAs":["http:\/\/www.eu4.pue.es\/blog"],"url":"https:\/\/www.pue.es\/pue-academy\/blog\/author\/admin-blogpue\/"}]}},"_links":{"self":[{"href":"https:\/\/www.pue.es\/pue-academy\/blog\/wp-json\/wp\/v2\/posts\/5908","targetHints":{"allow":["GET"]}}],"collection":[{"href":"https:\/\/www.pue.es\/pue-academy\/blog\/wp-json\/wp\/v2\/posts"}],"about":[{"href":"https:\/\/www.pue.es\/pue-academy\/blog\/wp-json\/wp\/v2\/types\/post"}],"author":[{"embeddable":true,"href":"https:\/\/www.pue.es\/pue-academy\/blog\/wp-json\/wp\/v2\/users\/1"}],"replies":[{"embeddable":true,"href":"https:\/\/www.pue.es\/pue-academy\/blog\/wp-json\/wp\/v2\/comments?post=5908"}],"version-history":[{"count":4,"href":"https:\/\/www.pue.es\/pue-academy\/blog\/wp-json\/wp\/v2\/posts\/5908\/revisions"}],"predecessor-version":[{"id":6317,"href":"https:\/\/www.pue.es\/pue-academy\/blog\/wp-json\/wp\/v2\/posts\/5908\/revisions\/6317"}],"wp:featuredmedia":[{"embeddable":true,"href":"https:\/\/www.pue.es\/pue-academy\/blog\/wp-json\/wp\/v2\/media\/6300"}],"wp:attachment":[{"href":"https:\/\/www.pue.es\/pue-academy\/blog\/wp-json\/wp\/v2\/media?parent=5908"}],"wp:term":[{"taxonomy":"category","embeddable":true,"href":"https:\/\/www.pue.es\/pue-academy\/blog\/wp-json\/wp\/v2\/categories?post=5908"},{"taxonomy":"post_tag","embeddable":true,"href":"https:\/\/www.pue.es\/pue-academy\/blog\/wp-json\/wp\/v2\/tags?post=5908"}],"curies":[{"name":"wp","href":"https:\/\/api.w.org\/{rel}","templated":true}]}}