{"id":5644,"date":"2019-01-11T11:46:35","date_gmt":"2019-01-11T10:46:35","guid":{"rendered":"https:\/\/www.py.pue.es\/pue-academy\/blog\/pue-learning-partner-del-programa-becas-para-el-empleo-joven-de-generation-spain-y-microsoft-espana-participa-en-su-acto-de-graduacion\/"},"modified":"2025-04-22T18:14:23","modified_gmt":"2025-04-22T16:14:23","slug":"pue-learning-partner-becas-empleo-joven-acto-graduacion","status":"publish","type":"post","link":"https:\/\/www.pue.es\/pue-academy\/blog\/pue-learning-partner-becas-empleo-joven-acto-graduacion\/","title":{"rendered":"PUE, learning partner del programa Becas para el Empleo Joven de Generation Spain y Microsoft Espa\u00f1a, participa en su acto de graduaci\u00f3n"},"content":{"rendered":"<p>El pasado 19 de diciembre se celebr\u00f3 el acto de graduaci\u00f3n de los alumnos del programa de <a href=\"https:\/\/blog.pue.es\/pue-academy\/programa-de-becas-para-empleo\/\">Becas para el Empleo Joven en Programaci\u00f3n .NET y Azure<\/a> de <a href=\"https:\/\/www.generation.org\/es\/program\/spain-microsoft\/\" target=\"_blank\" rel=\"noopener noreferrer\">Generation Spain<\/a> y Microsoft Espa\u00f1a. <a href=\"http:\/\/www.pue.es\/\"><strong>PUE<\/strong><\/a>, como <strong>Learning Partner<\/strong> responsable de la formaci\u00f3n del programa y junto a Microsoft, Generation e IAMCP (International Association of Microsoft Channel Partners) asisti\u00f3 al acto donde se condecor\u00f3 a los 20 estudiantes que han participado en el programa.<\/p>\n<p><!--more--><\/p>\n<p style=\"text-align: center;\"><img loading=\"lazy\" decoding=\"async\" class=\"aligncenter size-medium wp-image-5590\" src=\"https:\/\/www.pue.es\/pue-academy\/blog\/wp-content\/uploads\/Grad\/ac\/Graduaci\u00f3n-Generation-MS-IAMCP-111-ok_photoshop-scaled.jpg\" alt=\"\" width=\"600\" height=\"256\" \/><br \/>\n<em>Roberto L\u00f3pez, Business Director de PUE, junto a los alumnos participantes del programa Becas para el Empleo Joven en .NET y Azure de Microsoft<\/em><\/p>\n<p>El evento quiso felicitar y poner en valor el esfuerzo y trabajo de los 20 estudiantes que han participado en el programa Becas para el Empleo Joven durante un intensivo de 3 meses que les ha proporcionado la obtenci\u00f3n de <strong>5 certificaciones oficiales en tecnolog\u00edas .NET y Azure<\/strong> de Microsoft, siendo PUE la entidad que los ha formado y certificado.<\/p>\n<p>Como <strong>Learning Partner<\/strong> del programa, PUE ha impartido a los participantes de la iniciativa formaci\u00f3n y certificaci\u00f3n oficial en tecnolog\u00edas Azure y .NET de Microsoft entre las que se encuentran <strong>Fundamentos de Programaci\u00f3n, Web Applications<\/strong> o <strong>Cloud Platform and Infrastructure<\/strong>, entre otras.<\/p>\n<p>Comprometidos con la educaci\u00f3n y desarrollo profesional de los j\u00f3venes, Generation Spain, Microsoft Espa\u00f1a, IAMCP y PUE apuestan con este programa de becas por la formaci\u00f3n para incorporar perfiles adecuados a la era digital en las empresas.<\/p>\n<p>Roberto L\u00f3pez, Business Director de PUE en Madrid destaca uno de los mayores <strong>beneficios del programa<\/strong>: \u201cAdem\u00e1s de la obtenci\u00f3n de las 5 certificaciones en tecnolog\u00edas .Net y Azure, los 20 j\u00f3venes participantes han sido becados por distintas empresas de la Asociaci\u00f3n Internacional de Partners de Microsoft (IAMCP) para poder emprender su carrera profesional en las competencias y habilidades adquiridas.\u00bb<\/p>\n<p style=\"text-align: center;\"><img loading=\"lazy\" decoding=\"async\" class=\"aligncenter size-medium wp-image-5591\" src=\"https:\/\/www.pue.es\/pue-academy\/blog\/wp-content\/uploads\/Grad\/ac\/Graduaci\u00f3n-Generation-MS-IAMCP-11-ok_photoshop-scaled.jpg\" alt=\"\" width=\"600\" height=\"376\" \/><br \/>\n<em>Los 20 estudiantes participantes en el programa Becas para el Empleo Joven en .NET y Azure de Microsoft<\/em><\/p>\n<p>Gracias a las Becas para el Empleo Joven por parte de Microsoft, Generation y PUE se fomenta la empleabilidad de los j\u00f3venes afrontando el reto de formar a perfiles profesionales TIC especializados y certificados en <a href=\"http:\/\/www.pue.es\/cursos\" target=\"_blank\" rel=\"noopener noreferrer\">tecnolog\u00edas referentes del mercado<\/a>.<\/p>\n<h6><span style=\"color: #00ccff;\">Formaci\u00f3n y certificaci\u00f3n oficial en PUE<\/span><\/h6>\n<p>PUE, como especialista en formaci\u00f3n, certificaci\u00f3n y consultor\u00eda IT, ofrece un amplio abanico de formaci\u00f3n TIC especializada en las tecnolog\u00edas referentes.<\/p>\n<p>Dentro de la formaci\u00f3n espec\u00edfica en <a href=\"https:\/\/www.pue.es\/cursos\/microsoft\">tecnolog\u00edas Microsoft,<\/a> PUE ofrece desde cursos especializados en plataformas <a href=\"https:\/\/www.pue.es\/cursos\/microsoft\/windows-server\">Windows Server<\/a> o <a href=\"https:\/\/www.pue.es\/cursos\/microsoft\/azure\">Azure<\/a>\u00a0hasta capacitaci\u00f3n en mejora de la productividad con <a href=\"https:\/\/www.pue.es\/cursos\/microsoft\/office\">Office<\/a>\u00a0y\u00a0control del negocio y la empresa con <a href=\"https:\/\/www.pue.es\/cursos\/microsoft\/sql-server\">SQL Server<\/a>.<\/p>\n<p>As\u00ed pues, los profesionales TIC encuentran en PUE el lugar referente donde formarse oficialmente para desarrollar y mantener su competitividad profesional en un sector tan cambiante y exigente. Adem\u00e1s y como valor a\u00f1adido, tienen a su disposici\u00f3n el examen oficial de la\u00a0certificaci\u00f3n oficial asociada\u00a0con la formaci\u00f3n IT que decidan cursar, siendo PUE <a href=\"https:\/\/www.pue.es\/certificacion\"><strong>centro certificador reconocido y homologado<\/strong><\/a> por las principales entidades certificadoras a nivel mundial.<\/p>\n<h6><span style=\"color: #00ccff;\">Links de inter\u00e9s<\/span><\/h6>\n<p><a href=\"https:\/\/blog.pue.es\/pue-academy\/programa-de-becas-para-empleo\/\">PUE colabora en el programa de Becas para el Empleo Joven<\/a><br \/>\n<a href=\"https:\/\/www.pue.es\/cursos\/microsoft\">Formaci\u00f3n en tecnolog\u00edas Microsoft por PUE<\/a><br \/>\n<a href=\"https:\/\/www.generation.org\/es\/program\/spain-microsoft\/\">Programa Becas para el Empleo Joven<\/a><\/p>\n<p style=\"text-align: left;\">\u00a0<a href=\"https:\/\/www.pue.es\/pue-academy\/blog\/wp-content\/uploads\/blog\/1-\/blog_1-1.jpg\"><img loading=\"lazy\" decoding=\"async\" class=\"hidden alignnone wp-image-3411 size-full\" src=\"https:\/\/www.pue.es\/pue-academy\/blog\/wp-content\/uploads\/blog\/1-\/blog_1-1.jpg\" alt=\"big_data_empleabilidad\" width=\"364\" height=\"288\" \/><\/a><\/p>\n","protected":false},"excerpt":{"rendered":"<p>El pasado 19 de diciembre se celebr\u00f3 el acto de graduaci\u00f3n de los alumnos del programa de Becas para el Empleo Joven en Programaci\u00f3n .NET y Azure de Generation Spain y Microsoft Espa\u00f1a. PUE, como Learning Partner responsable de la formaci\u00f3n del programa y junto a Microsoft, Generation e IAMCP&#8230;<\/p>\n","protected":false},"author":1,"featured_media":5645,"comment_status":"open","ping_status":"open","sticky":false,"template":"","format":"standard","meta":{"footnotes":""},"categories":[363],"tags":[475,476,526,494,473,527,413,528,529,487,452,530],"class_list":{"0":"post-5644","1":"post","2":"type-post","3":"status-publish","4":"format-standard","5":"has-post-thumbnail","7":"category-casos-de-exito","8":"tag-net","9":"tag-azure","10":"tag-certificacion-oficial-it","11":"tag-empleabilidad","12":"tag-formacion","13":"tag-generation-spain","14":"tag-microsoft-2","15":"tag-microsoft-espana","16":"tag-office","17":"tag-proyecto-universidad-empresa","18":"tag-pue-2","19":"tag-windows-server"},"yoast_head":"<!-- This site is optimized with the Yoast SEO plugin v23.6 - https:\/\/yoast.com\/wordpress\/plugins\/seo\/ -->\n<title>PUE es learning partner de Becas para el Empleo Joven<\/title>\n<meta name=\"description\" content=\"PUE, como learning partner de del programa Becas para el Empleo Joven de Generation Spain y Microsoft Espa\u00f1a, participa en su acto de graduaci\u00f3n.\" \/>\n<meta name=\"robots\" content=\"index, follow, max-snippet:-1, max-image-preview:large, max-video-preview:-1\" \/>\n<link rel=\"canonical\" href=\"https:\/\/www.pue.es\/pue-academy\/blog\/pue-learning-partner-becas-empleo-joven-acto-graduacion\/\" \/>\n<meta property=\"og:locale\" content=\"es_ES\" \/>\n<meta property=\"og:type\" content=\"article\" \/>\n<meta property=\"og:title\" content=\"PUE es learning partner de Becas para el Empleo Joven\" \/>\n<meta property=\"og:description\" content=\"PUE, como learning partner de del programa Becas para el Empleo Joven de Generation Spain y Microsoft Espa\u00f1a, participa en su acto de graduaci\u00f3n.\" \/>\n<meta property=\"og:url\" content=\"https:\/\/www.pue.es\/pue-academy\/blog\/pue-learning-partner-becas-empleo-joven-acto-graduacion\/\" \/>\n<meta property=\"og:site_name\" content=\"PUE ACADEMY BLOG\" \/>\n<meta property=\"article:published_time\" content=\"2019-01-11T10:46:35+00:00\" \/>\n<meta property=\"article:modified_time\" content=\"2025-04-22T16:14:23+00:00\" \/>\n<meta property=\"og:image\" content=\"https:\/\/www.pue.es\/pue-academy\/blog\/wp-content\/uploads\/PUE-\/ea\/PUE-learning-partner-del-programa-Becas-para-el-Empleo-Joven-de-Generation-Spain-y-Microsoft-Espan\u0303a-participa-en-su-acto-de-graduacio\u0301n.jpg\" \/>\n\t<meta property=\"og:image:width\" content=\"574\" \/>\n\t<meta property=\"og:image:height\" content=\"322\" \/>\n\t<meta property=\"og:image:type\" content=\"image\/jpeg\" \/>\n<meta name=\"author\" content=\"admin-blogpue\" \/>\n<meta name=\"twitter:card\" content=\"summary_large_image\" \/>\n<meta name=\"twitter:label1\" content=\"Escrito por\" \/>\n\t<meta name=\"twitter:data1\" content=\"admin-blogpue\" \/>\n\t<meta name=\"twitter:label2\" content=\"Tiempo de lectura\" \/>\n\t<meta name=\"twitter:data2\" content=\"4 minutos\" \/>\n<script type=\"application\/ld+json\" class=\"yoast-schema-graph\">{\"@context\":\"https:\/\/schema.org\",\"@graph\":[{\"@type\":\"WebPage\",\"@id\":\"https:\/\/www.pue.es\/pue-academy\/blog\/pue-learning-partner-becas-empleo-joven-acto-graduacion\/\",\"url\":\"https:\/\/www.pue.es\/pue-academy\/blog\/pue-learning-partner-becas-empleo-joven-acto-graduacion\/\",\"name\":\"PUE es learning partner de Becas para el Empleo Joven\",\"isPartOf\":{\"@id\":\"https:\/\/www.pue.es\/pue-academy\/blog\/#website\"},\"primaryImageOfPage\":{\"@id\":\"https:\/\/www.pue.es\/pue-academy\/blog\/pue-learning-partner-becas-empleo-joven-acto-graduacion\/#primaryimage\"},\"image\":{\"@id\":\"https:\/\/www.pue.es\/pue-academy\/blog\/pue-learning-partner-becas-empleo-joven-acto-graduacion\/#primaryimage\"},\"thumbnailUrl\":\"https:\/\/www.pue.es\/pue-academy\/blog\/wp-content\/uploads\/PUE-\/ea\/PUE-learning-partner-del-programa-Becas-para-el-Empleo-Joven-de-Generation-Spain-y-Microsoft-Espan\u0303a-participa-en-su-acto-de-graduacio\u0301n.jpg\",\"datePublished\":\"2019-01-11T10:46:35+00:00\",\"dateModified\":\"2025-04-22T16:14:23+00:00\",\"author\":{\"@id\":\"https:\/\/www.pue.es\/pue-academy\/blog\/#\/schema\/person\/c1100c902cc7a9230c60a397b03adaed\"},\"description\":\"PUE, como learning partner de del programa Becas para el Empleo Joven de Generation Spain y Microsoft Espa\u00f1a, participa en su acto de graduaci\u00f3n.\",\"breadcrumb\":{\"@id\":\"https:\/\/www.pue.es\/pue-academy\/blog\/pue-learning-partner-becas-empleo-joven-acto-graduacion\/#breadcrumb\"},\"inLanguage\":\"es\",\"potentialAction\":[{\"@type\":\"ReadAction\",\"target\":[\"https:\/\/www.pue.es\/pue-academy\/blog\/pue-learning-partner-becas-empleo-joven-acto-graduacion\/\"]}]},{\"@type\":\"ImageObject\",\"inLanguage\":\"es\",\"@id\":\"https:\/\/www.pue.es\/pue-academy\/blog\/pue-learning-partner-becas-empleo-joven-acto-graduacion\/#primaryimage\",\"url\":\"https:\/\/www.pue.es\/pue-academy\/blog\/wp-content\/uploads\/PUE-\/ea\/PUE-learning-partner-del-programa-Becas-para-el-Empleo-Joven-de-Generation-Spain-y-Microsoft-Espan\u0303a-participa-en-su-acto-de-graduacio\u0301n.jpg\",\"contentUrl\":\"https:\/\/www.pue.es\/pue-academy\/blog\/wp-content\/uploads\/PUE-\/ea\/PUE-learning-partner-del-programa-Becas-para-el-Empleo-Joven-de-Generation-Spain-y-Microsoft-Espan\u0303a-participa-en-su-acto-de-graduacio\u0301n.jpg\",\"width\":574,\"height\":322},{\"@type\":\"BreadcrumbList\",\"@id\":\"https:\/\/www.pue.es\/pue-academy\/blog\/pue-learning-partner-becas-empleo-joven-acto-graduacion\/#breadcrumb\",\"itemListElement\":[{\"@type\":\"ListItem\",\"position\":1,\"name\":\"Blog\",\"item\":\"https:\/\/www.pue.es\/pue-academy\/blog\/\"},{\"@type\":\"ListItem\",\"position\":2,\"name\":\"Casos de \u00e9xito\",\"item\":\"https:\/\/www.pue.es\/pue-academy\/blog\/category\/casos-de-exito\/\"},{\"@type\":\"ListItem\",\"position\":3,\"name\":\"PUE, learning partner del programa Becas para el Empleo Joven de Generation Spain y Microsoft Espa\u00f1a, participa en su acto de graduaci\u00f3n\"}]},{\"@type\":\"WebSite\",\"@id\":\"https:\/\/www.pue.es\/pue-academy\/blog\/#website\",\"url\":\"https:\/\/www.pue.es\/pue-academy\/blog\/\",\"name\":\"PUE ACADEMY BLOG\",\"description\":\"\",\"potentialAction\":[{\"@type\":\"SearchAction\",\"target\":{\"@type\":\"EntryPoint\",\"urlTemplate\":\"https:\/\/www.pue.es\/pue-academy\/blog\/?s={search_term_string}\"},\"query-input\":{\"@type\":\"PropertyValueSpecification\",\"valueRequired\":true,\"valueName\":\"search_term_string\"}}],\"inLanguage\":\"es\"},{\"@type\":\"Person\",\"@id\":\"https:\/\/www.pue.es\/pue-academy\/blog\/#\/schema\/person\/c1100c902cc7a9230c60a397b03adaed\",\"name\":\"admin-blogpue\",\"image\":{\"@type\":\"ImageObject\",\"inLanguage\":\"es\",\"@id\":\"https:\/\/www.pue.es\/pue-academy\/blog\/#\/schema\/person\/image\/\",\"url\":\"https:\/\/secure.gravatar.com\/avatar\/10c64761a791b6c48b72d01ff9056b72d398a3caf12c9c7f96fae627d802ca23?s=96&d=mm&r=g\",\"contentUrl\":\"https:\/\/secure.gravatar.com\/avatar\/10c64761a791b6c48b72d01ff9056b72d398a3caf12c9c7f96fae627d802ca23?s=96&d=mm&r=g\",\"caption\":\"admin-blogpue\"},\"sameAs\":[\"http:\/\/www.eu4.pue.es\/blog\"],\"url\":\"https:\/\/www.pue.es\/pue-academy\/blog\/author\/admin-blogpue\/\"}]}<\/script>\n<!-- \/ Yoast SEO plugin. -->","yoast_head_json":{"title":"PUE es learning partner de Becas para el Empleo Joven","description":"PUE, como learning partner de del programa Becas para el Empleo Joven de Generation Spain y Microsoft Espa\u00f1a, participa en su acto de graduaci\u00f3n.","robots":{"index":"index","follow":"follow","max-snippet":"max-snippet:-1","max-image-preview":"max-image-preview:large","max-video-preview":"max-video-preview:-1"},"canonical":"https:\/\/www.pue.es\/pue-academy\/blog\/pue-learning-partner-becas-empleo-joven-acto-graduacion\/","og_locale":"es_ES","og_type":"article","og_title":"PUE es learning partner de Becas para el Empleo Joven","og_description":"PUE, como learning partner de del programa Becas para el Empleo Joven de Generation Spain y Microsoft Espa\u00f1a, participa en su acto de graduaci\u00f3n.","og_url":"https:\/\/www.pue.es\/pue-academy\/blog\/pue-learning-partner-becas-empleo-joven-acto-graduacion\/","og_site_name":"PUE ACADEMY BLOG","article_published_time":"2019-01-11T10:46:35+00:00","article_modified_time":"2025-04-22T16:14:23+00:00","og_image":[{"width":574,"height":322,"url":"https:\/\/www.pue.es\/pue-academy\/blog\/wp-content\/uploads\/PUE-\/ea\/PUE-learning-partner-del-programa-Becas-para-el-Empleo-Joven-de-Generation-Spain-y-Microsoft-Espan\u0303a-participa-en-su-acto-de-graduacio\u0301n.jpg","type":"image\/jpeg"}],"author":"admin-blogpue","twitter_card":"summary_large_image","twitter_misc":{"Escrito por":"admin-blogpue","Tiempo de lectura":"4 minutos"},"schema":{"@context":"https:\/\/schema.org","@graph":[{"@type":"WebPage","@id":"https:\/\/www.pue.es\/pue-academy\/blog\/pue-learning-partner-becas-empleo-joven-acto-graduacion\/","url":"https:\/\/www.pue.es\/pue-academy\/blog\/pue-learning-partner-becas-empleo-joven-acto-graduacion\/","name":"PUE es learning partner de Becas para el Empleo Joven","isPartOf":{"@id":"https:\/\/www.pue.es\/pue-academy\/blog\/#website"},"primaryImageOfPage":{"@id":"https:\/\/www.pue.es\/pue-academy\/blog\/pue-learning-partner-becas-empleo-joven-acto-graduacion\/#primaryimage"},"image":{"@id":"https:\/\/www.pue.es\/pue-academy\/blog\/pue-learning-partner-becas-empleo-joven-acto-graduacion\/#primaryimage"},"thumbnailUrl":"https:\/\/www.pue.es\/pue-academy\/blog\/wp-content\/uploads\/PUE-\/ea\/PUE-learning-partner-del-programa-Becas-para-el-Empleo-Joven-de-Generation-Spain-y-Microsoft-Espan\u0303a-participa-en-su-acto-de-graduacio\u0301n.jpg","datePublished":"2019-01-11T10:46:35+00:00","dateModified":"2025-04-22T16:14:23+00:00","author":{"@id":"https:\/\/www.pue.es\/pue-academy\/blog\/#\/schema\/person\/c1100c902cc7a9230c60a397b03adaed"},"description":"PUE, como learning partner de del programa Becas para el Empleo Joven de Generation Spain y Microsoft Espa\u00f1a, participa en su acto de graduaci\u00f3n.","breadcrumb":{"@id":"https:\/\/www.pue.es\/pue-academy\/blog\/pue-learning-partner-becas-empleo-joven-acto-graduacion\/#breadcrumb"},"inLanguage":"es","potentialAction":[{"@type":"ReadAction","target":["https:\/\/www.pue.es\/pue-academy\/blog\/pue-learning-partner-becas-empleo-joven-acto-graduacion\/"]}]},{"@type":"ImageObject","inLanguage":"es","@id":"https:\/\/www.pue.es\/pue-academy\/blog\/pue-learning-partner-becas-empleo-joven-acto-graduacion\/#primaryimage","url":"https:\/\/www.pue.es\/pue-academy\/blog\/wp-content\/uploads\/PUE-\/ea\/PUE-learning-partner-del-programa-Becas-para-el-Empleo-Joven-de-Generation-Spain-y-Microsoft-Espan\u0303a-participa-en-su-acto-de-graduacio\u0301n.jpg","contentUrl":"https:\/\/www.pue.es\/pue-academy\/blog\/wp-content\/uploads\/PUE-\/ea\/PUE-learning-partner-del-programa-Becas-para-el-Empleo-Joven-de-Generation-Spain-y-Microsoft-Espan\u0303a-participa-en-su-acto-de-graduacio\u0301n.jpg","width":574,"height":322},{"@type":"BreadcrumbList","@id":"https:\/\/www.pue.es\/pue-academy\/blog\/pue-learning-partner-becas-empleo-joven-acto-graduacion\/#breadcrumb","itemListElement":[{"@type":"ListItem","position":1,"name":"Blog","item":"https:\/\/www.pue.es\/pue-academy\/blog\/"},{"@type":"ListItem","position":2,"name":"Casos de \u00e9xito","item":"https:\/\/www.pue.es\/pue-academy\/blog\/category\/casos-de-exito\/"},{"@type":"ListItem","position":3,"name":"PUE, learning partner del programa Becas para el Empleo Joven de Generation Spain y Microsoft Espa\u00f1a, participa en su acto de graduaci\u00f3n"}]},{"@type":"WebSite","@id":"https:\/\/www.pue.es\/pue-academy\/blog\/#website","url":"https:\/\/www.pue.es\/pue-academy\/blog\/","name":"PUE ACADEMY BLOG","description":"","potentialAction":[{"@type":"SearchAction","target":{"@type":"EntryPoint","urlTemplate":"https:\/\/www.pue.es\/pue-academy\/blog\/?s={search_term_string}"},"query-input":{"@type":"PropertyValueSpecification","valueRequired":true,"valueName":"search_term_string"}}],"inLanguage":"es"},{"@type":"Person","@id":"https:\/\/www.pue.es\/pue-academy\/blog\/#\/schema\/person\/c1100c902cc7a9230c60a397b03adaed","name":"admin-blogpue","image":{"@type":"ImageObject","inLanguage":"es","@id":"https:\/\/www.pue.es\/pue-academy\/blog\/#\/schema\/person\/image\/","url":"https:\/\/secure.gravatar.com\/avatar\/10c64761a791b6c48b72d01ff9056b72d398a3caf12c9c7f96fae627d802ca23?s=96&d=mm&r=g","contentUrl":"https:\/\/secure.gravatar.com\/avatar\/10c64761a791b6c48b72d01ff9056b72d398a3caf12c9c7f96fae627d802ca23?s=96&d=mm&r=g","caption":"admin-blogpue"},"sameAs":["http:\/\/www.eu4.pue.es\/blog"],"url":"https:\/\/www.pue.es\/pue-academy\/blog\/author\/admin-blogpue\/"}]}},"_links":{"self":[{"href":"https:\/\/www.pue.es\/pue-academy\/blog\/wp-json\/wp\/v2\/posts\/5644","targetHints":{"allow":["GET"]}}],"collection":[{"href":"https:\/\/www.pue.es\/pue-academy\/blog\/wp-json\/wp\/v2\/posts"}],"about":[{"href":"https:\/\/www.pue.es\/pue-academy\/blog\/wp-json\/wp\/v2\/types\/post"}],"author":[{"embeddable":true,"href":"https:\/\/www.pue.es\/pue-academy\/blog\/wp-json\/wp\/v2\/users\/1"}],"replies":[{"embeddable":true,"href":"https:\/\/www.pue.es\/pue-academy\/blog\/wp-json\/wp\/v2\/comments?post=5644"}],"version-history":[{"count":1,"href":"https:\/\/www.pue.es\/pue-academy\/blog\/wp-json\/wp\/v2\/posts\/5644\/revisions"}],"predecessor-version":[{"id":6016,"href":"https:\/\/www.pue.es\/pue-academy\/blog\/wp-json\/wp\/v2\/posts\/5644\/revisions\/6016"}],"wp:featuredmedia":[{"embeddable":true,"href":"https:\/\/www.pue.es\/pue-academy\/blog\/wp-json\/wp\/v2\/media\/5645"}],"wp:attachment":[{"href":"https:\/\/www.pue.es\/pue-academy\/blog\/wp-json\/wp\/v2\/media?parent=5644"}],"wp:term":[{"taxonomy":"category","embeddable":true,"href":"https:\/\/www.pue.es\/pue-academy\/blog\/wp-json\/wp\/v2\/categories?post=5644"},{"taxonomy":"post_tag","embeddable":true,"href":"https:\/\/www.pue.es\/pue-academy\/blog\/wp-json\/wp\/v2\/tags?post=5644"}],"curies":[{"name":"wp","href":"https:\/\/api.w.org\/{rel}","templated":true}]}}