{"id":1735,"date":"2014-12-12T06:31:15","date_gmt":"2014-12-12T05:31:15","guid":{"rendered":"https:\/\/www.pue.es\/blog\/la-charla-organizada-por-pue-puso-de-manifiesto-el-amplio-alcance-de-itil-y-sus-beneficios-para-organizaciones-y-profesionales\/"},"modified":"2024-02-28T21:23:27","modified_gmt":"2024-02-28T20:23:27","slug":"la-charla-organizada-por-pue-puso-de-manifiesto-el-amplio-alcance-de-itil-y-sus-beneficios-para-organizaciones-y-profesionales","status":"publish","type":"post","link":"https:\/\/www.pue.es\/blog\/la-charla-organizada-por-pue-puso-de-manifiesto-el-amplio-alcance-de-itil-y-sus-beneficios-para-organizaciones-y-profesionales\/","title":{"rendered":"La charla organizada por PUE puso de manifiesto el amplio alcance de ITIL\u00a9 y sus beneficios para organizaciones y profesionales"},"content":{"rendered":"<p style=\"text-align: justify;\"><a href=\"https:\/\/www.pue.es\/blog\/the-event-organized-by-pue-showed-the-broad-scope-of-itil-and-its-benefits-for-professionals-and-organizations\/\"><img loading=\"lazy\" decoding=\"async\" class=\"language alignright wp-image-852\" src=\"https:\/\/www.pue.es\/blog\/wp-content\/uploads\/1456852799_Flag_of_United_Kingdom.png\" alt=\"1456852799_Flag_of_United_Kingdom\" width=\"32\" height=\"32\" \/><\/a><\/p>\n<p style=\"text-align: justify;\">El viernes 28 de noviembre, PUE celebr\u00f3 en sus instalaciones una Charla-Desayuno en la que estaban invitados <strong>profesionales TIC y organizaciones de todo \u00e1mbito.<\/strong> Fue el primer encuentro en Catalunya apoyado por <strong>ITpreneurs<\/strong>, empresa l\u00edder en el suministro de contenidos de formaci\u00f3n y servicios IT en todo el mundo, para dar a conocer en mayor profundidad este est\u00e1ndar mundial.<!--more--><\/p>\n<p style=\"text-align: justify;\"><img decoding=\"async\" class=\" alignright\" src=\"https:\/\/apps.pue.es\/website\/contents\/news\/images\/photos\/eventoITIL01.jpg\" alt=\"\" align=\"right\" \/><\/p>\n<p style=\"text-align: justify;\">En representaci\u00f3n de ITpreneurs, <strong>se cont\u00f3 con la presencia y respaldo de Fred Sabbah, Regional Business Manager Southern Europe and North Africa, y Marcel Foederer, experto y Master Trainer en ITpreneurs para ITIL\u00a9, Cobit, PRINCE2, ISO20K y Kepner Tregoe.<\/strong><\/p>\n<p style=\"text-align: justify;\">La audiencia de la jornada represent\u00f3 tanto a pymes como a grandes corporaciones de distintos sectores. Con una clara voluntad de implementar mejoras en sus procesos y m\u00e9todos de trabajo, los asistentes se mostraron muy interesados en la aplicaci\u00f3n y alcance real de ITIL\u00a9.<\/p>\n<blockquote>\n<h6 style=\"text-align: justify;\">Las diferentes ponencias dejaron evidente que ITIL\u00a9 es un marco flexible, de f\u00e1cil adaptaci\u00f3n a la dimensi\u00f3n y necesidades de cada organizaci\u00f3n y proyecto, estemos hablando de profesionales independientes, pymes o grandes corporaciones.<\/h6>\n<\/blockquote>\n<p style=\"text-align: justify;\">Destacar la intervenci\u00f3n de Marcel Foederer, experto y Master Trainer en ITpreneurs para ITIL\u00a9. Su speech dej\u00f3 clara la importancia de IT como \u00e1mbito clave en la consecuci\u00f3n del plan de negocio y objetivos de las organizaciones. Y en ese sentido, c\u00f3mo las pr\u00e1cticas de ITIL\u00a9 contribuyen a la alineaci\u00f3n entre el \u00e1rea IT y las necesidades y objetivos de cada corporaci\u00f3n, arrojando como resultado la calidad y eficiencia en la prestaci\u00f3n de los servicios y proyectos IT.<\/p>\n<p style=\"text-align: justify;\">En la misma l\u00ednea, se insisti\u00f3 en que las pr\u00e1cticas, m\u00e9todos y mejoras continuas de ITIL\u00a9 se trazan desde el conocimiento del negocio, como eje en la definici\u00f3n, planificaci\u00f3n y ejecuci\u00f3n de los servicios IT.<\/p>\n<p style=\"text-align: justify;\">C\u00f3mo <strong>ITIL\u00a9 reduce las p\u00e9rdidas de tiempo y dinero, as\u00ed como evita la ineficacia en la gesti\u00f3n de proyectos<\/strong>, fruto en muchas ocasiones de la no definici\u00f3n de requisitos previos, fue otro de los mensajes remarcados a lo largo de la jornada (<span style=\"text-decoration: underline;\"><strong><span style=\"color: #00ccff;\"><a style=\"color: #00ccff; text-decoration: underline;\" href=\"http:\/\/www.pue.es\/downloads\/itil\/video.wmv\" target=\"_blank\" rel=\"noopener noreferrer\">ver v\u00eddeo de presentaci\u00f3n<\/a><\/span><\/strong><\/span>).<\/p>\n<p style=\"text-align: justify;\">De la mano de Elena Ja\u00e9n, Directora de Formaci\u00f3n y Desarrollo de Negocio de PUE, Miguel S\u00e1ez, Consultor y formador experto en Gesti\u00f3n de Servicios IT, hizo un amplio recorrido sobre la nueva l\u00ednea de formaci\u00f3n oficial que en el marco de ITIL\u00a9 PUE pone a disposici\u00f3n de profesionales y organizaciones.<\/p>\n<p style=\"text-align: justify;\">PUE, reconocido recientemente como centro de formaci\u00f3n oficial en ITIL\u00a9 en su figura de ATO Affilliate (Accredited Training Organization Affiliate), ofrece itinerarios completos de formaci\u00f3n que preparan a los candidatos para la superaci\u00f3n de todos los niveles de certificaci\u00f3n: desde ITIL\u00a9 Foundation a ITIL\u00a9 Expert. M\u00e1s informaci\u00f3n en <span style=\"text-decoration: underline;\"><strong><span style=\"color: #00ccff;\"><a style=\"color: #00ccff; text-decoration: underline;\" href=\"https:\/\/www.pue.es\/formacion\/itil\">www.pue.es\/itil<\/a><\/span><\/strong><\/span>.<\/p>\n<div style=\"width: 432px\" class=\"wp-caption aligncenter\"><img loading=\"lazy\" decoding=\"async\" class=\"\" src=\"https:\/\/apps.pue.es\/website\/contents\/news\/images\/photos\/eventoITIL02.jpg\" alt=\"\" width=\"422\" height=\"223\" \/><p class=\"wp-caption-text\">De izquierda a derecha: Miguel S\u00e1ez (Consultor y formador en Gesti\u00f3n de Servicios TI), Elena Ja\u00e9n (Directora Formaci\u00f3n y Desarrollo de Negocio PUE), Angel Garc\u00eda (Product Manager Servicios ITIL\u00ae PUE), Marcel Foederer (Master Trainer IT Preneurs) y Fred Sabbah (Regional Business Manager Southern Europe and North Africa IT Preneurs)<\/p><\/div>\n","protected":false},"excerpt":{"rendered":"<p>El viernes 28 de noviembre, PUE celebr\u00f3 en sus instalaciones una Charla-Desayuno en la que estaban invitados profesionales TIC y organizaciones de todo \u00e1mbito. Fue el primer encuentro en Catalunya apoyado por ITpreneurs, empresa l\u00edder en el suministro de contenidos de formaci\u00f3n y servicios IT en todo el mundo, para&#8230;<\/p>\n","protected":false},"author":1,"featured_media":177,"comment_status":"open","ping_status":"open","sticky":false,"template":"","format":"standard","meta":{"footnotes":""},"categories":[18],"tags":[26,20,21,66],"class_list":{"0":"post-1735","1":"post","2":"type-post","3":"status-publish","4":"format-standard","5":"has-post-thumbnail","7":"category-formacion-certificacion","8":"tag-certificacion","9":"tag-formacion","10":"tag-itil","11":"tag-itpreneurs"},"yoast_head":"<!-- This site is optimized with the Yoast SEO plugin v27.2 - https:\/\/yoast.com\/product\/yoast-seo-wordpress\/ -->\n<title>La charla organizada por PUE puso de manifiesto el amplio alcance de ITIL\u00a9 y sus beneficios para organizaciones y profesionales | PUE Blog<\/title>\n<meta name=\"description\" content=\"El viernes 28 de noviembre, PUE celebr\u00f3 en sus instalaciones una Charla-Desayuno en la que estaban invitados profesionales TIC y organizaciones de todo \u00e1mbito.\" \/>\n<meta name=\"robots\" content=\"index, follow, max-snippet:-1, max-image-preview:large, max-video-preview:-1\" \/>\n<link rel=\"canonical\" href=\"https:\/\/www.pue.es\/blog\/la-charla-organizada-por-pue-puso-de-manifiesto-el-amplio-alcance-de-itil-y-sus-beneficios-para-organizaciones-y-profesionales\/\" \/>\n<meta property=\"og:locale\" content=\"es_ES\" \/>\n<meta property=\"og:type\" content=\"article\" \/>\n<meta property=\"og:title\" content=\"La charla organizada por PUE puso de manifiesto el amplio alcance de ITIL\u00a9 y sus beneficios para organizaciones y profesionales | PUE Blog\" \/>\n<meta property=\"og:description\" content=\"El viernes 28 de noviembre, PUE celebr\u00f3 en sus instalaciones una Charla-Desayuno en la que estaban invitados profesionales TIC y organizaciones de todo \u00e1mbito.\" \/>\n<meta property=\"og:url\" content=\"https:\/\/www.pue.es\/blog\/la-charla-organizada-por-pue-puso-de-manifiesto-el-amplio-alcance-de-itil-y-sus-beneficios-para-organizaciones-y-profesionales\/\" \/>\n<meta property=\"og:site_name\" content=\"PUE Blog\" \/>\n<meta property=\"article:published_time\" content=\"2014-12-12T05:31:15+00:00\" \/>\n<meta property=\"article:modified_time\" content=\"2024-02-28T20:23:27+00:00\" \/>\n<meta property=\"og:image\" content=\"https:\/\/www.pue.es\/blog\/wp-content\/uploads\/2023\/11\/eventoITIL02.jpg\" \/>\n\t<meta property=\"og:image:width\" content=\"509\" \/>\n\t<meta property=\"og:image:height\" content=\"282\" \/>\n\t<meta property=\"og:image:type\" content=\"image\/jpeg\" \/>\n<meta name=\"author\" content=\"admin-blogpue\" \/>\n<meta name=\"twitter:card\" content=\"summary_large_image\" \/>\n<meta name=\"twitter:title\" content=\"La charla organizada por PUE puso de manifiesto el amplio alcance de ITIL\u00a9 y sus beneficios para organizaciones y profesionales | PUE Blog\" \/>\n<meta name=\"twitter:description\" content=\"El viernes 28 de noviembre, PUE celebr\u00f3 en sus instalaciones una Charla-Desayuno en la que estaban invitados profesionales TIC y organizaciones de todo \u00e1mbito.\" \/>\n<meta name=\"twitter:image\" content=\"https:\/\/www.pue.es\/blog\/wp-content\/uploads\/2023\/11\/eventoITIL02.jpg\" \/>\n<meta name=\"twitter:label1\" content=\"Escrito por\" \/>\n\t<meta name=\"twitter:data1\" content=\"admin-blogpue\" \/>\n\t<meta name=\"twitter:label2\" content=\"Tiempo de lectura\" \/>\n\t<meta name=\"twitter:data2\" content=\"3 minutos\" \/>\n<script type=\"application\/ld+json\" class=\"yoast-schema-graph\">{\"@context\":\"https:\/\/schema.org\",\"@graph\":[{\"@type\":\"Article\",\"@id\":\"https:\/\/www.pue.es\/blog\/la-charla-organizada-por-pue-puso-de-manifiesto-el-amplio-alcance-de-itil-y-sus-beneficios-para-organizaciones-y-profesionales\/#article\",\"isPartOf\":{\"@id\":\"https:\/\/www.pue.es\/blog\/la-charla-organizada-por-pue-puso-de-manifiesto-el-amplio-alcance-de-itil-y-sus-beneficios-para-organizaciones-y-profesionales\/\"},\"author\":{\"name\":\"admin-blogpue\",\"@id\":\"https:\/\/www.pue.es\/blog\/#\/schema\/person\/c1100c902cc7a9230c60a397b03adaed\"},\"headline\":\"La charla organizada por PUE puso de manifiesto el amplio alcance de ITIL\u00a9 y sus beneficios para organizaciones y profesionales\",\"datePublished\":\"2014-12-12T05:31:15+00:00\",\"dateModified\":\"2024-02-28T20:23:27+00:00\",\"mainEntityOfPage\":{\"@id\":\"https:\/\/www.pue.es\/blog\/la-charla-organizada-por-pue-puso-de-manifiesto-el-amplio-alcance-de-itil-y-sus-beneficios-para-organizaciones-y-profesionales\/\"},\"wordCount\":559,\"commentCount\":0,\"image\":{\"@id\":\"https:\/\/www.pue.es\/blog\/la-charla-organizada-por-pue-puso-de-manifiesto-el-amplio-alcance-de-itil-y-sus-beneficios-para-organizaciones-y-profesionales\/#primaryimage\"},\"thumbnailUrl\":\"https:\/\/www.pue.es\/blog\/wp-content\/uploads\/2023\/11\/eventoITIL02.jpg\",\"keywords\":[\"certificaci\u00f3n\",\"formaci\u00f3n\",\"ITIL\",\"ITpreneurs\"],\"articleSection\":[\"Formaci\u00f3n y certificaci\u00f3n\"],\"inLanguage\":\"es\",\"potentialAction\":[{\"@type\":\"CommentAction\",\"name\":\"Comment\",\"target\":[\"https:\/\/www.pue.es\/blog\/la-charla-organizada-por-pue-puso-de-manifiesto-el-amplio-alcance-de-itil-y-sus-beneficios-para-organizaciones-y-profesionales\/#respond\"]}]},{\"@type\":\"WebPage\",\"@id\":\"https:\/\/www.pue.es\/blog\/la-charla-organizada-por-pue-puso-de-manifiesto-el-amplio-alcance-de-itil-y-sus-beneficios-para-organizaciones-y-profesionales\/\",\"url\":\"https:\/\/www.pue.es\/blog\/la-charla-organizada-por-pue-puso-de-manifiesto-el-amplio-alcance-de-itil-y-sus-beneficios-para-organizaciones-y-profesionales\/\",\"name\":\"La charla organizada por PUE puso de manifiesto el amplio alcance de ITIL\u00a9 y sus beneficios para organizaciones y profesionales | PUE Blog\",\"isPartOf\":{\"@id\":\"https:\/\/www.pue.es\/blog\/#website\"},\"primaryImageOfPage\":{\"@id\":\"https:\/\/www.pue.es\/blog\/la-charla-organizada-por-pue-puso-de-manifiesto-el-amplio-alcance-de-itil-y-sus-beneficios-para-organizaciones-y-profesionales\/#primaryimage\"},\"image\":{\"@id\":\"https:\/\/www.pue.es\/blog\/la-charla-organizada-por-pue-puso-de-manifiesto-el-amplio-alcance-de-itil-y-sus-beneficios-para-organizaciones-y-profesionales\/#primaryimage\"},\"thumbnailUrl\":\"https:\/\/www.pue.es\/blog\/wp-content\/uploads\/2023\/11\/eventoITIL02.jpg\",\"datePublished\":\"2014-12-12T05:31:15+00:00\",\"dateModified\":\"2024-02-28T20:23:27+00:00\",\"author\":{\"@id\":\"https:\/\/www.pue.es\/blog\/#\/schema\/person\/c1100c902cc7a9230c60a397b03adaed\"},\"description\":\"El viernes 28 de noviembre, PUE celebr\u00f3 en sus instalaciones una Charla-Desayuno en la que estaban invitados profesionales TIC y organizaciones de todo \u00e1mbito.\",\"breadcrumb\":{\"@id\":\"https:\/\/www.pue.es\/blog\/la-charla-organizada-por-pue-puso-de-manifiesto-el-amplio-alcance-de-itil-y-sus-beneficios-para-organizaciones-y-profesionales\/#breadcrumb\"},\"inLanguage\":\"es\",\"potentialAction\":[{\"@type\":\"ReadAction\",\"target\":[\"https:\/\/www.pue.es\/blog\/la-charla-organizada-por-pue-puso-de-manifiesto-el-amplio-alcance-de-itil-y-sus-beneficios-para-organizaciones-y-profesionales\/\"]}]},{\"@type\":\"ImageObject\",\"inLanguage\":\"es\",\"@id\":\"https:\/\/www.pue.es\/blog\/la-charla-organizada-por-pue-puso-de-manifiesto-el-amplio-alcance-de-itil-y-sus-beneficios-para-organizaciones-y-profesionales\/#primaryimage\",\"url\":\"https:\/\/www.pue.es\/blog\/wp-content\/uploads\/2023\/11\/eventoITIL02.jpg\",\"contentUrl\":\"https:\/\/www.pue.es\/blog\/wp-content\/uploads\/2023\/11\/eventoITIL02.jpg\",\"width\":509,\"height\":282,\"caption\":\"la-charla-organizada-por-pue-puso-de-manifiesto-el-amplio-alcance-de-itil-y-sus-beneficios-para-organizaciones-y-profesionales\"},{\"@type\":\"BreadcrumbList\",\"@id\":\"https:\/\/www.pue.es\/blog\/la-charla-organizada-por-pue-puso-de-manifiesto-el-amplio-alcance-de-itil-y-sus-beneficios-para-organizaciones-y-profesionales\/#breadcrumb\",\"itemListElement\":[{\"@type\":\"ListItem\",\"position\":1,\"name\":\"Blog\",\"item\":\"https:\/\/www.pue.es\/blog\/\"},{\"@type\":\"ListItem\",\"position\":2,\"name\":\"Formaci\u00f3n y certificaci\u00f3n\",\"item\":\"https:\/\/www.pue.es\/blog\/category\/formacion-certificacion\/\"},{\"@type\":\"ListItem\",\"position\":3,\"name\":\"La charla organizada por PUE puso de manifiesto el amplio alcance de ITIL\u00a9 y sus beneficios para organizaciones y profesionales\"}]},{\"@type\":\"WebSite\",\"@id\":\"https:\/\/www.pue.es\/blog\/#website\",\"url\":\"https:\/\/www.pue.es\/blog\/\",\"name\":\"PUE Blog\",\"description\":\"\",\"potentialAction\":[{\"@type\":\"SearchAction\",\"target\":{\"@type\":\"EntryPoint\",\"urlTemplate\":\"https:\/\/www.pue.es\/blog\/?s={search_term_string}\"},\"query-input\":{\"@type\":\"PropertyValueSpecification\",\"valueRequired\":true,\"valueName\":\"search_term_string\"}}],\"inLanguage\":\"es\"},{\"@type\":\"Person\",\"@id\":\"https:\/\/www.pue.es\/blog\/#\/schema\/person\/c1100c902cc7a9230c60a397b03adaed\",\"name\":\"admin-blogpue\",\"image\":{\"@type\":\"ImageObject\",\"inLanguage\":\"es\",\"@id\":\"https:\/\/secure.gravatar.com\/avatar\/10c64761a791b6c48b72d01ff9056b72d398a3caf12c9c7f96fae627d802ca23?s=96&d=mm&r=g\",\"url\":\"https:\/\/secure.gravatar.com\/avatar\/10c64761a791b6c48b72d01ff9056b72d398a3caf12c9c7f96fae627d802ca23?s=96&d=mm&r=g\",\"contentUrl\":\"https:\/\/secure.gravatar.com\/avatar\/10c64761a791b6c48b72d01ff9056b72d398a3caf12c9c7f96fae627d802ca23?s=96&d=mm&r=g\",\"caption\":\"admin-blogpue\"},\"sameAs\":[\"http:\/\/www.eu4.pue.es\/blog\"],\"url\":\"https:\/\/www.pue.es\/blog\/author\/admin-blogpue\/\"}]}<\/script>\n<!-- \/ Yoast SEO plugin. -->","yoast_head_json":{"title":"La charla organizada por PUE puso de manifiesto el amplio alcance de ITIL\u00a9 y sus beneficios para organizaciones y profesionales | PUE Blog","description":"El viernes 28 de noviembre, PUE celebr\u00f3 en sus instalaciones una Charla-Desayuno en la que estaban invitados profesionales TIC y organizaciones de todo \u00e1mbito.","robots":{"index":"index","follow":"follow","max-snippet":"max-snippet:-1","max-image-preview":"max-image-preview:large","max-video-preview":"max-video-preview:-1"},"canonical":"https:\/\/www.pue.es\/blog\/la-charla-organizada-por-pue-puso-de-manifiesto-el-amplio-alcance-de-itil-y-sus-beneficios-para-organizaciones-y-profesionales\/","og_locale":"es_ES","og_type":"article","og_title":"La charla organizada por PUE puso de manifiesto el amplio alcance de ITIL\u00a9 y sus beneficios para organizaciones y profesionales | PUE Blog","og_description":"El viernes 28 de noviembre, PUE celebr\u00f3 en sus instalaciones una Charla-Desayuno en la que estaban invitados profesionales TIC y organizaciones de todo \u00e1mbito.","og_url":"https:\/\/www.pue.es\/blog\/la-charla-organizada-por-pue-puso-de-manifiesto-el-amplio-alcance-de-itil-y-sus-beneficios-para-organizaciones-y-profesionales\/","og_site_name":"PUE Blog","article_published_time":"2014-12-12T05:31:15+00:00","article_modified_time":"2024-02-28T20:23:27+00:00","og_image":[{"width":509,"height":282,"url":"https:\/\/www.pue.es\/blog\/wp-content\/uploads\/2023\/11\/eventoITIL02.jpg","type":"image\/jpeg"}],"author":"admin-blogpue","twitter_card":"summary_large_image","twitter_title":"La charla organizada por PUE puso de manifiesto el amplio alcance de ITIL\u00a9 y sus beneficios para organizaciones y profesionales | PUE Blog","twitter_description":"El viernes 28 de noviembre, PUE celebr\u00f3 en sus instalaciones una Charla-Desayuno en la que estaban invitados profesionales TIC y organizaciones de todo \u00e1mbito.","twitter_image":"https:\/\/www.pue.es\/blog\/wp-content\/uploads\/2023\/11\/eventoITIL02.jpg","twitter_misc":{"Escrito por":"admin-blogpue","Tiempo de lectura":"3 minutos"},"schema":{"@context":"https:\/\/schema.org","@graph":[{"@type":"Article","@id":"https:\/\/www.pue.es\/blog\/la-charla-organizada-por-pue-puso-de-manifiesto-el-amplio-alcance-de-itil-y-sus-beneficios-para-organizaciones-y-profesionales\/#article","isPartOf":{"@id":"https:\/\/www.pue.es\/blog\/la-charla-organizada-por-pue-puso-de-manifiesto-el-amplio-alcance-de-itil-y-sus-beneficios-para-organizaciones-y-profesionales\/"},"author":{"name":"admin-blogpue","@id":"https:\/\/www.pue.es\/blog\/#\/schema\/person\/c1100c902cc7a9230c60a397b03adaed"},"headline":"La charla organizada por PUE puso de manifiesto el amplio alcance de ITIL\u00a9 y sus beneficios para organizaciones y profesionales","datePublished":"2014-12-12T05:31:15+00:00","dateModified":"2024-02-28T20:23:27+00:00","mainEntityOfPage":{"@id":"https:\/\/www.pue.es\/blog\/la-charla-organizada-por-pue-puso-de-manifiesto-el-amplio-alcance-de-itil-y-sus-beneficios-para-organizaciones-y-profesionales\/"},"wordCount":559,"commentCount":0,"image":{"@id":"https:\/\/www.pue.es\/blog\/la-charla-organizada-por-pue-puso-de-manifiesto-el-amplio-alcance-de-itil-y-sus-beneficios-para-organizaciones-y-profesionales\/#primaryimage"},"thumbnailUrl":"https:\/\/www.pue.es\/blog\/wp-content\/uploads\/2023\/11\/eventoITIL02.jpg","keywords":["certificaci\u00f3n","formaci\u00f3n","ITIL","ITpreneurs"],"articleSection":["Formaci\u00f3n y certificaci\u00f3n"],"inLanguage":"es","potentialAction":[{"@type":"CommentAction","name":"Comment","target":["https:\/\/www.pue.es\/blog\/la-charla-organizada-por-pue-puso-de-manifiesto-el-amplio-alcance-de-itil-y-sus-beneficios-para-organizaciones-y-profesionales\/#respond"]}]},{"@type":"WebPage","@id":"https:\/\/www.pue.es\/blog\/la-charla-organizada-por-pue-puso-de-manifiesto-el-amplio-alcance-de-itil-y-sus-beneficios-para-organizaciones-y-profesionales\/","url":"https:\/\/www.pue.es\/blog\/la-charla-organizada-por-pue-puso-de-manifiesto-el-amplio-alcance-de-itil-y-sus-beneficios-para-organizaciones-y-profesionales\/","name":"La charla organizada por PUE puso de manifiesto el amplio alcance de ITIL\u00a9 y sus beneficios para organizaciones y profesionales | PUE Blog","isPartOf":{"@id":"https:\/\/www.pue.es\/blog\/#website"},"primaryImageOfPage":{"@id":"https:\/\/www.pue.es\/blog\/la-charla-organizada-por-pue-puso-de-manifiesto-el-amplio-alcance-de-itil-y-sus-beneficios-para-organizaciones-y-profesionales\/#primaryimage"},"image":{"@id":"https:\/\/www.pue.es\/blog\/la-charla-organizada-por-pue-puso-de-manifiesto-el-amplio-alcance-de-itil-y-sus-beneficios-para-organizaciones-y-profesionales\/#primaryimage"},"thumbnailUrl":"https:\/\/www.pue.es\/blog\/wp-content\/uploads\/2023\/11\/eventoITIL02.jpg","datePublished":"2014-12-12T05:31:15+00:00","dateModified":"2024-02-28T20:23:27+00:00","author":{"@id":"https:\/\/www.pue.es\/blog\/#\/schema\/person\/c1100c902cc7a9230c60a397b03adaed"},"description":"El viernes 28 de noviembre, PUE celebr\u00f3 en sus instalaciones una Charla-Desayuno en la que estaban invitados profesionales TIC y organizaciones de todo \u00e1mbito.","breadcrumb":{"@id":"https:\/\/www.pue.es\/blog\/la-charla-organizada-por-pue-puso-de-manifiesto-el-amplio-alcance-de-itil-y-sus-beneficios-para-organizaciones-y-profesionales\/#breadcrumb"},"inLanguage":"es","potentialAction":[{"@type":"ReadAction","target":["https:\/\/www.pue.es\/blog\/la-charla-organizada-por-pue-puso-de-manifiesto-el-amplio-alcance-de-itil-y-sus-beneficios-para-organizaciones-y-profesionales\/"]}]},{"@type":"ImageObject","inLanguage":"es","@id":"https:\/\/www.pue.es\/blog\/la-charla-organizada-por-pue-puso-de-manifiesto-el-amplio-alcance-de-itil-y-sus-beneficios-para-organizaciones-y-profesionales\/#primaryimage","url":"https:\/\/www.pue.es\/blog\/wp-content\/uploads\/2023\/11\/eventoITIL02.jpg","contentUrl":"https:\/\/www.pue.es\/blog\/wp-content\/uploads\/2023\/11\/eventoITIL02.jpg","width":509,"height":282,"caption":"la-charla-organizada-por-pue-puso-de-manifiesto-el-amplio-alcance-de-itil-y-sus-beneficios-para-organizaciones-y-profesionales"},{"@type":"BreadcrumbList","@id":"https:\/\/www.pue.es\/blog\/la-charla-organizada-por-pue-puso-de-manifiesto-el-amplio-alcance-de-itil-y-sus-beneficios-para-organizaciones-y-profesionales\/#breadcrumb","itemListElement":[{"@type":"ListItem","position":1,"name":"Blog","item":"https:\/\/www.pue.es\/blog\/"},{"@type":"ListItem","position":2,"name":"Formaci\u00f3n y certificaci\u00f3n","item":"https:\/\/www.pue.es\/blog\/category\/formacion-certificacion\/"},{"@type":"ListItem","position":3,"name":"La charla organizada por PUE puso de manifiesto el amplio alcance de ITIL\u00a9 y sus beneficios para organizaciones y profesionales"}]},{"@type":"WebSite","@id":"https:\/\/www.pue.es\/blog\/#website","url":"https:\/\/www.pue.es\/blog\/","name":"PUE Blog","description":"","potentialAction":[{"@type":"SearchAction","target":{"@type":"EntryPoint","urlTemplate":"https:\/\/www.pue.es\/blog\/?s={search_term_string}"},"query-input":{"@type":"PropertyValueSpecification","valueRequired":true,"valueName":"search_term_string"}}],"inLanguage":"es"},{"@type":"Person","@id":"https:\/\/www.pue.es\/blog\/#\/schema\/person\/c1100c902cc7a9230c60a397b03adaed","name":"admin-blogpue","image":{"@type":"ImageObject","inLanguage":"es","@id":"https:\/\/secure.gravatar.com\/avatar\/10c64761a791b6c48b72d01ff9056b72d398a3caf12c9c7f96fae627d802ca23?s=96&d=mm&r=g","url":"https:\/\/secure.gravatar.com\/avatar\/10c64761a791b6c48b72d01ff9056b72d398a3caf12c9c7f96fae627d802ca23?s=96&d=mm&r=g","contentUrl":"https:\/\/secure.gravatar.com\/avatar\/10c64761a791b6c48b72d01ff9056b72d398a3caf12c9c7f96fae627d802ca23?s=96&d=mm&r=g","caption":"admin-blogpue"},"sameAs":["http:\/\/www.eu4.pue.es\/blog"],"url":"https:\/\/www.pue.es\/blog\/author\/admin-blogpue\/"}]}},"_links":{"self":[{"href":"https:\/\/www.pue.es\/blog\/wp-json\/wp\/v2\/posts\/1735","targetHints":{"allow":["GET"]}}],"collection":[{"href":"https:\/\/www.pue.es\/blog\/wp-json\/wp\/v2\/posts"}],"about":[{"href":"https:\/\/www.pue.es\/blog\/wp-json\/wp\/v2\/types\/post"}],"author":[{"embeddable":true,"href":"https:\/\/www.pue.es\/blog\/wp-json\/wp\/v2\/users\/1"}],"replies":[{"embeddable":true,"href":"https:\/\/www.pue.es\/blog\/wp-json\/wp\/v2\/comments?post=1735"}],"version-history":[{"count":0,"href":"https:\/\/www.pue.es\/blog\/wp-json\/wp\/v2\/posts\/1735\/revisions"}],"wp:featuredmedia":[{"embeddable":true,"href":"https:\/\/www.pue.es\/blog\/wp-json\/wp\/v2\/media\/177"}],"wp:attachment":[{"href":"https:\/\/www.pue.es\/blog\/wp-json\/wp\/v2\/media?parent=1735"}],"wp:term":[{"taxonomy":"category","embeddable":true,"href":"https:\/\/www.pue.es\/blog\/wp-json\/wp\/v2\/categories?post=1735"},{"taxonomy":"post_tag","embeddable":true,"href":"https:\/\/www.pue.es\/blog\/wp-json\/wp\/v2\/tags?post=1735"}],"curies":[{"name":"wp","href":"https:\/\/api.w.org\/{rel}","templated":true}]}}