{"id":3151,"date":"2014-12-12T06:38:07","date_gmt":"2014-12-12T05:38:07","guid":{"rendered":"https:\/\/www.pue.es\/blog\/the-event-organized-by-pue-showed-the-broad-scope-of-itil-and-its-benefits-for-professionals-and-organizations\/"},"modified":"2023-12-14T10:39:20","modified_gmt":"2023-12-14T09:39:20","slug":"the-event-organized-by-pue-showed-the-broad-scope-of-itil-and-its-benefits-for-professionals-and-organizations","status":"publish","type":"post","link":"https:\/\/www.pue.es\/blog\/en\/the-event-organized-by-pue-showed-the-broad-scope-of-itil-and-its-benefits-for-professionals-and-organizations\/","title":{"rendered":"The event organized by PUE showed the broad scope of ITIL\u00a9 and its benefits for professionals and organizations"},"content":{"rendered":"<p style=\"text-align: justify;\"><a href=\"https:\/\/www.pue.es\/blog\/la-charla-organizada-por-pue-puso-de-manifiesto-el-amplio-alcance-de-itil-y-sus-beneficios-para-organizaciones-y-profesionales\/\"><img loading=\"lazy\" decoding=\"async\" class=\"language alignright wp-image-856\" src=\"https:\/\/www.pue.es\/blog\/wp-content\/uploads\/1456852787_Flag_of_Spain.png\" alt=\"1456852787_Flag_of_Spain\" width=\"32\" height=\"32\" \/><\/a><\/p>\n<p style=\"text-align: justify;\">On Friday the 28th of November, <strong>ITC professionals and organizations from different sectors were invited to the PUE offices for a presentation of ITIL\u00a9.<\/strong> It was the first event in Catalonia supported by <strong>ITpreneurs<\/strong>, a leading global company who lent their knowledge and expertise to the event.<\/p>\n<p style=\"text-align: justify;\"><img decoding=\"async\" class=\" alignright\" src=\"https:\/\/apps.pue.es\/website\/contents\/news\/images\/photos\/eventoITIL01.jpg\" alt=\"\" align=\"right\" \/><\/p>\n<p style=\"text-align: justify;\">In the name of ITpreneurs, <strong>the event was attended by Fred Sabbah, Regional Business Manager Southern Europe and North Africa, and Marcel Foederer, expert and Master Trainer of ITpreneurs for ITIL\u00a9, Cobit, PRINCE2, ISO20K and Kepner Tregoe.<\/strong><!--more--><\/p>\n<p style=\"text-align: justify;\">The audience of the event was represented by SMEs and large corporations from different sectors. With the clear intention to implement improvements in its procedures and work methodologies, attendees showed real interest in ITIL\u00a9 and its performance.<\/p>\n<blockquote>\n<h6 style=\"text-align: justify;\">The different speeches made it clear that <strong>ITIL\u00a9 is a flexible framework, easily adaptable to the dimensions and necessities of each organization and project<\/strong>, whether self-employed professionals, SMEs or large companies.<\/h6>\n<\/blockquote>\n<p style=\"text-align: justify;\">One of the outstanding presentations of the event was delivered by Marcel Foederer, Master Trainer of ITpreneurs for ITIL\u00a9. His speech made clear the importance of IT as a key area in achieving the business plan and goals of an organization, and how ITIL\u00a9 Best Practices help with the alignment between IT departments and the necessities and objectives of each corporation, generating better quality and efficiency on the deliverance of IT services.<\/p>\n<p style=\"text-align: justify;\">In the same vein, it was stressed that the practices, methods and continual improvement of ITIL\u00a9 is drawn from business knowledge, as the main point at the moment to define, plan and implement IT services.<\/p>\n<p style=\"text-align: justify;\">The way that <strong>ITIL\u00a9 reduces the loss of time and money, as well as avoiding the inefficient management of projects<\/strong>, generated mainly for the non-definition of previous requisites, was another of the main messages detailed over the event (<span style=\"text-decoration: underline;\"><strong><span style=\"color: #00ccff;\"><a style=\"color: #00ccff; text-decoration: underline;\" href=\"http:\/\/www.pue.es\/downloads\/itil\/video.wmv\" target=\"_blank\" rel=\"noopener noreferrer\">see presentation video<\/a><\/span><\/strong><\/span>).<\/p>\n<p style=\"text-align: justify;\">Elena Ja\u00e9n, Training Manager and Business Development Manager of PUE, introduced the topic of the new business line of official training on ITIL\u00a9 that PUE provides to professionals and organizations, with an extended explanation by Miguel S\u00e1ez, consultant and expert trainer on IT Service Management.<\/p>\n<p style=\"text-align: justify;\">PUE, recently recognized as an ITIL\u00a9 official training center in its ATO Affiliate (Accredited Training Organization Affiliate) figure, offers complete training paths which prepare the students to pass all the certification levels: from ITIL\u00a9 Foundation to ITIL\u00a9 Expert. More information can be found on the website <span style=\"text-decoration: underline;\"><strong><span style=\"color: #00ccff;\"><a style=\"color: #00ccff; text-decoration: underline;\" href=\"https:\/\/www.pue.es\/formacion\/itil\">www.pue.es\/itil<\/a><\/span><\/strong><\/span>.<\/p>\n<div style=\"width: 519px\" class=\"wp-caption aligncenter\"><img loading=\"lazy\" decoding=\"async\" src=\"https:\/\/apps.pue.es\/website\/contents\/news\/images\/photos\/eventoITIL02.jpg\" alt=\"\" width=\"509\" height=\"282\" \/><p class=\"wp-caption-text\">From left to right: Miguel S\u00e1ez (Consultant and Service Management IT Trainer), Elena Ja\u00e9n (Training Manager and Business Development Manager of PUE), Angel Garc\u00eda (Product Manager ITIL\u00ae of PUE), Marcel Foederer (Master Trainer IT Preneurs) and Fred Sabbah (Regional Business Manager Southern Europe and North Africa IT Preneurs)<\/p><\/div>\n","protected":false},"excerpt":{"rendered":"<p>On Friday the 28th of November, ITC professionals and organizations from different sectors were invited to the PUE offices for a presentation of ITIL\u00a9. It was the first event in Catalonia supported by ITpreneurs, a leading global company who lent their knowledge and expertise to the event. In the name&#8230;<\/p>\n","protected":false},"author":1,"featured_media":177,"comment_status":"open","ping_status":"open","sticky":false,"template":"","format":"standard","meta":{"footnotes":""},"categories":[68],"tags":[],"class_list":{"0":"post-3151","1":"post","2":"type-post","3":"status-publish","4":"format-standard","5":"has-post-thumbnail","7":"category-training-certification-en"},"yoast_head":"<!-- This site is optimized with the Yoast SEO plugin v27.2 - https:\/\/yoast.com\/product\/yoast-seo-wordpress\/ -->\n<title>The event organized by PUE showed the broad scope of ITIL\u00a9 and its benefits for professionals and organizations | PUE Blog<\/title>\n<meta name=\"robots\" content=\"index, follow, max-snippet:-1, max-image-preview:large, max-video-preview:-1\" \/>\n<link rel=\"canonical\" href=\"https:\/\/www.pue.es\/blog\/en\/the-event-organized-by-pue-showed-the-broad-scope-of-itil-and-its-benefits-for-professionals-and-organizations\/\" \/>\n<meta property=\"og:locale\" content=\"en_US\" \/>\n<meta property=\"og:type\" content=\"article\" \/>\n<meta property=\"og:title\" content=\"The event organized by PUE showed the broad scope of ITIL\u00a9 and its benefits for professionals and organizations | PUE Blog\" \/>\n<meta property=\"og:description\" content=\"On Friday the 28th of November, ITC professionals and organizations from different sectors were invited to the PUE offices for a presentation of ITIL\u00a9. It was the first event in Catalonia supported by ITpreneurs, a leading global company who lent their knowledge and expertise to the event. In the name...\" \/>\n<meta property=\"og:url\" content=\"https:\/\/www.pue.es\/blog\/en\/the-event-organized-by-pue-showed-the-broad-scope-of-itil-and-its-benefits-for-professionals-and-organizations\/\" \/>\n<meta property=\"og:site_name\" content=\"PUE Blog\" \/>\n<meta property=\"article:published_time\" content=\"2014-12-12T05:38:07+00:00\" \/>\n<meta property=\"article:modified_time\" content=\"2023-12-14T09:39:20+00:00\" \/>\n<meta property=\"og:image\" content=\"https:\/\/www.pue.es\/blog\/wp-content\/uploads\/2023\/11\/eventoITIL02.jpg\" \/>\n\t<meta property=\"og:image:width\" content=\"509\" \/>\n\t<meta property=\"og:image:height\" content=\"282\" \/>\n\t<meta property=\"og:image:type\" content=\"image\/jpeg\" \/>\n<meta name=\"author\" content=\"admin-blogpue\" \/>\n<meta name=\"twitter:card\" content=\"summary_large_image\" \/>\n<meta name=\"twitter:label1\" content=\"Written by\" \/>\n\t<meta name=\"twitter:data1\" content=\"admin-blogpue\" \/>\n\t<meta name=\"twitter:label2\" content=\"Est. reading time\" \/>\n\t<meta name=\"twitter:data2\" content=\"2 minutes\" \/>\n<script type=\"application\/ld+json\" class=\"yoast-schema-graph\">{\"@context\":\"https:\/\/schema.org\",\"@graph\":[{\"@type\":\"Article\",\"@id\":\"https:\/\/www.pue.es\/blog\/en\/the-event-organized-by-pue-showed-the-broad-scope-of-itil-and-its-benefits-for-professionals-and-organizations\/#article\",\"isPartOf\":{\"@id\":\"https:\/\/www.pue.es\/blog\/en\/the-event-organized-by-pue-showed-the-broad-scope-of-itil-and-its-benefits-for-professionals-and-organizations\/\"},\"author\":{\"name\":\"admin-blogpue\",\"@id\":\"https:\/\/www.pue.es\/blog\/en\/#\/schema\/person\/c1100c902cc7a9230c60a397b03adaed\"},\"headline\":\"The event organized by PUE showed the broad scope of ITIL\u00a9 and its benefits for professionals and organizations\",\"datePublished\":\"2014-12-12T05:38:07+00:00\",\"dateModified\":\"2023-12-14T09:39:20+00:00\",\"mainEntityOfPage\":{\"@id\":\"https:\/\/www.pue.es\/blog\/en\/the-event-organized-by-pue-showed-the-broad-scope-of-itil-and-its-benefits-for-professionals-and-organizations\/\"},\"wordCount\":473,\"commentCount\":0,\"image\":{\"@id\":\"https:\/\/www.pue.es\/blog\/en\/the-event-organized-by-pue-showed-the-broad-scope-of-itil-and-its-benefits-for-professionals-and-organizations\/#primaryimage\"},\"thumbnailUrl\":\"https:\/\/www.pue.es\/blog\/wp-content\/uploads\/2023\/11\/eventoITIL02.jpg\",\"articleSection\":[\"Training &amp; certification\"],\"inLanguage\":\"en-US\",\"potentialAction\":[{\"@type\":\"CommentAction\",\"name\":\"Comment\",\"target\":[\"https:\/\/www.pue.es\/blog\/en\/the-event-organized-by-pue-showed-the-broad-scope-of-itil-and-its-benefits-for-professionals-and-organizations\/#respond\"]}]},{\"@type\":\"WebPage\",\"@id\":\"https:\/\/www.pue.es\/blog\/en\/the-event-organized-by-pue-showed-the-broad-scope-of-itil-and-its-benefits-for-professionals-and-organizations\/\",\"url\":\"https:\/\/www.pue.es\/blog\/en\/the-event-organized-by-pue-showed-the-broad-scope-of-itil-and-its-benefits-for-professionals-and-organizations\/\",\"name\":\"The event organized by PUE showed the broad scope of ITIL\u00a9 and its benefits for professionals and organizations | PUE Blog\",\"isPartOf\":{\"@id\":\"https:\/\/www.pue.es\/blog\/en\/#website\"},\"primaryImageOfPage\":{\"@id\":\"https:\/\/www.pue.es\/blog\/en\/the-event-organized-by-pue-showed-the-broad-scope-of-itil-and-its-benefits-for-professionals-and-organizations\/#primaryimage\"},\"image\":{\"@id\":\"https:\/\/www.pue.es\/blog\/en\/the-event-organized-by-pue-showed-the-broad-scope-of-itil-and-its-benefits-for-professionals-and-organizations\/#primaryimage\"},\"thumbnailUrl\":\"https:\/\/www.pue.es\/blog\/wp-content\/uploads\/2023\/11\/eventoITIL02.jpg\",\"datePublished\":\"2014-12-12T05:38:07+00:00\",\"dateModified\":\"2023-12-14T09:39:20+00:00\",\"author\":{\"@id\":\"https:\/\/www.pue.es\/blog\/en\/#\/schema\/person\/c1100c902cc7a9230c60a397b03adaed\"},\"breadcrumb\":{\"@id\":\"https:\/\/www.pue.es\/blog\/en\/the-event-organized-by-pue-showed-the-broad-scope-of-itil-and-its-benefits-for-professionals-and-organizations\/#breadcrumb\"},\"inLanguage\":\"en-US\",\"potentialAction\":[{\"@type\":\"ReadAction\",\"target\":[\"https:\/\/www.pue.es\/blog\/en\/the-event-organized-by-pue-showed-the-broad-scope-of-itil-and-its-benefits-for-professionals-and-organizations\/\"]}]},{\"@type\":\"ImageObject\",\"inLanguage\":\"en-US\",\"@id\":\"https:\/\/www.pue.es\/blog\/en\/the-event-organized-by-pue-showed-the-broad-scope-of-itil-and-its-benefits-for-professionals-and-organizations\/#primaryimage\",\"url\":\"https:\/\/www.pue.es\/blog\/wp-content\/uploads\/2023\/11\/eventoITIL02.jpg\",\"contentUrl\":\"https:\/\/www.pue.es\/blog\/wp-content\/uploads\/2023\/11\/eventoITIL02.jpg\",\"width\":509,\"height\":282,\"caption\":\"la-charla-organizada-por-pue-puso-de-manifiesto-el-amplio-alcance-de-itil-y-sus-beneficios-para-organizaciones-y-profesionales\"},{\"@type\":\"BreadcrumbList\",\"@id\":\"https:\/\/www.pue.es\/blog\/en\/the-event-organized-by-pue-showed-the-broad-scope-of-itil-and-its-benefits-for-professionals-and-organizations\/#breadcrumb\",\"itemListElement\":[{\"@type\":\"ListItem\",\"position\":1,\"name\":\"Blog\",\"item\":\"https:\/\/www.pue.es\/blog\/en\/\"},{\"@type\":\"ListItem\",\"position\":2,\"name\":\"Training &amp; certification\",\"item\":\"https:\/\/www.pue.es\/blog\/en\/category\/training-certification-en\/\"},{\"@type\":\"ListItem\",\"position\":3,\"name\":\"The event organized by PUE showed the broad scope of ITIL\u00a9 and its benefits for professionals and organizations\"}]},{\"@type\":\"WebSite\",\"@id\":\"https:\/\/www.pue.es\/blog\/en\/#website\",\"url\":\"https:\/\/www.pue.es\/blog\/en\/\",\"name\":\"PUE Blog\",\"description\":\"\",\"potentialAction\":[{\"@type\":\"SearchAction\",\"target\":{\"@type\":\"EntryPoint\",\"urlTemplate\":\"https:\/\/www.pue.es\/blog\/en\/?s={search_term_string}\"},\"query-input\":{\"@type\":\"PropertyValueSpecification\",\"valueRequired\":true,\"valueName\":\"search_term_string\"}}],\"inLanguage\":\"en-US\"},{\"@type\":\"Person\",\"@id\":\"https:\/\/www.pue.es\/blog\/en\/#\/schema\/person\/c1100c902cc7a9230c60a397b03adaed\",\"name\":\"admin-blogpue\",\"image\":{\"@type\":\"ImageObject\",\"inLanguage\":\"en-US\",\"@id\":\"https:\/\/secure.gravatar.com\/avatar\/10c64761a791b6c48b72d01ff9056b72d398a3caf12c9c7f96fae627d802ca23?s=96&d=mm&r=g\",\"url\":\"https:\/\/secure.gravatar.com\/avatar\/10c64761a791b6c48b72d01ff9056b72d398a3caf12c9c7f96fae627d802ca23?s=96&d=mm&r=g\",\"contentUrl\":\"https:\/\/secure.gravatar.com\/avatar\/10c64761a791b6c48b72d01ff9056b72d398a3caf12c9c7f96fae627d802ca23?s=96&d=mm&r=g\",\"caption\":\"admin-blogpue\"},\"sameAs\":[\"http:\/\/www.eu4.pue.es\/blog\"],\"url\":\"https:\/\/www.pue.es\/blog\/en\/author\/admin-blogpue\/\"}]}<\/script>\n<!-- \/ Yoast SEO plugin. -->","yoast_head_json":{"title":"The event organized by PUE showed the broad scope of ITIL\u00a9 and its benefits for professionals and organizations | PUE Blog","robots":{"index":"index","follow":"follow","max-snippet":"max-snippet:-1","max-image-preview":"max-image-preview:large","max-video-preview":"max-video-preview:-1"},"canonical":"https:\/\/www.pue.es\/blog\/en\/the-event-organized-by-pue-showed-the-broad-scope-of-itil-and-its-benefits-for-professionals-and-organizations\/","og_locale":"en_US","og_type":"article","og_title":"The event organized by PUE showed the broad scope of ITIL\u00a9 and its benefits for professionals and organizations | PUE Blog","og_description":"On Friday the 28th of November, ITC professionals and organizations from different sectors were invited to the PUE offices for a presentation of ITIL\u00a9. It was the first event in Catalonia supported by ITpreneurs, a leading global company who lent their knowledge and expertise to the event. In the name...","og_url":"https:\/\/www.pue.es\/blog\/en\/the-event-organized-by-pue-showed-the-broad-scope-of-itil-and-its-benefits-for-professionals-and-organizations\/","og_site_name":"PUE Blog","article_published_time":"2014-12-12T05:38:07+00:00","article_modified_time":"2023-12-14T09:39:20+00:00","og_image":[{"width":509,"height":282,"url":"https:\/\/www.pue.es\/blog\/wp-content\/uploads\/2023\/11\/eventoITIL02.jpg","type":"image\/jpeg"}],"author":"admin-blogpue","twitter_card":"summary_large_image","twitter_misc":{"Written by":"admin-blogpue","Est. reading time":"2 minutes"},"schema":{"@context":"https:\/\/schema.org","@graph":[{"@type":"Article","@id":"https:\/\/www.pue.es\/blog\/en\/the-event-organized-by-pue-showed-the-broad-scope-of-itil-and-its-benefits-for-professionals-and-organizations\/#article","isPartOf":{"@id":"https:\/\/www.pue.es\/blog\/en\/the-event-organized-by-pue-showed-the-broad-scope-of-itil-and-its-benefits-for-professionals-and-organizations\/"},"author":{"name":"admin-blogpue","@id":"https:\/\/www.pue.es\/blog\/en\/#\/schema\/person\/c1100c902cc7a9230c60a397b03adaed"},"headline":"The event organized by PUE showed the broad scope of ITIL\u00a9 and its benefits for professionals and organizations","datePublished":"2014-12-12T05:38:07+00:00","dateModified":"2023-12-14T09:39:20+00:00","mainEntityOfPage":{"@id":"https:\/\/www.pue.es\/blog\/en\/the-event-organized-by-pue-showed-the-broad-scope-of-itil-and-its-benefits-for-professionals-and-organizations\/"},"wordCount":473,"commentCount":0,"image":{"@id":"https:\/\/www.pue.es\/blog\/en\/the-event-organized-by-pue-showed-the-broad-scope-of-itil-and-its-benefits-for-professionals-and-organizations\/#primaryimage"},"thumbnailUrl":"https:\/\/www.pue.es\/blog\/wp-content\/uploads\/2023\/11\/eventoITIL02.jpg","articleSection":["Training &amp; certification"],"inLanguage":"en-US","potentialAction":[{"@type":"CommentAction","name":"Comment","target":["https:\/\/www.pue.es\/blog\/en\/the-event-organized-by-pue-showed-the-broad-scope-of-itil-and-its-benefits-for-professionals-and-organizations\/#respond"]}]},{"@type":"WebPage","@id":"https:\/\/www.pue.es\/blog\/en\/the-event-organized-by-pue-showed-the-broad-scope-of-itil-and-its-benefits-for-professionals-and-organizations\/","url":"https:\/\/www.pue.es\/blog\/en\/the-event-organized-by-pue-showed-the-broad-scope-of-itil-and-its-benefits-for-professionals-and-organizations\/","name":"The event organized by PUE showed the broad scope of ITIL\u00a9 and its benefits for professionals and organizations | PUE Blog","isPartOf":{"@id":"https:\/\/www.pue.es\/blog\/en\/#website"},"primaryImageOfPage":{"@id":"https:\/\/www.pue.es\/blog\/en\/the-event-organized-by-pue-showed-the-broad-scope-of-itil-and-its-benefits-for-professionals-and-organizations\/#primaryimage"},"image":{"@id":"https:\/\/www.pue.es\/blog\/en\/the-event-organized-by-pue-showed-the-broad-scope-of-itil-and-its-benefits-for-professionals-and-organizations\/#primaryimage"},"thumbnailUrl":"https:\/\/www.pue.es\/blog\/wp-content\/uploads\/2023\/11\/eventoITIL02.jpg","datePublished":"2014-12-12T05:38:07+00:00","dateModified":"2023-12-14T09:39:20+00:00","author":{"@id":"https:\/\/www.pue.es\/blog\/en\/#\/schema\/person\/c1100c902cc7a9230c60a397b03adaed"},"breadcrumb":{"@id":"https:\/\/www.pue.es\/blog\/en\/the-event-organized-by-pue-showed-the-broad-scope-of-itil-and-its-benefits-for-professionals-and-organizations\/#breadcrumb"},"inLanguage":"en-US","potentialAction":[{"@type":"ReadAction","target":["https:\/\/www.pue.es\/blog\/en\/the-event-organized-by-pue-showed-the-broad-scope-of-itil-and-its-benefits-for-professionals-and-organizations\/"]}]},{"@type":"ImageObject","inLanguage":"en-US","@id":"https:\/\/www.pue.es\/blog\/en\/the-event-organized-by-pue-showed-the-broad-scope-of-itil-and-its-benefits-for-professionals-and-organizations\/#primaryimage","url":"https:\/\/www.pue.es\/blog\/wp-content\/uploads\/2023\/11\/eventoITIL02.jpg","contentUrl":"https:\/\/www.pue.es\/blog\/wp-content\/uploads\/2023\/11\/eventoITIL02.jpg","width":509,"height":282,"caption":"la-charla-organizada-por-pue-puso-de-manifiesto-el-amplio-alcance-de-itil-y-sus-beneficios-para-organizaciones-y-profesionales"},{"@type":"BreadcrumbList","@id":"https:\/\/www.pue.es\/blog\/en\/the-event-organized-by-pue-showed-the-broad-scope-of-itil-and-its-benefits-for-professionals-and-organizations\/#breadcrumb","itemListElement":[{"@type":"ListItem","position":1,"name":"Blog","item":"https:\/\/www.pue.es\/blog\/en\/"},{"@type":"ListItem","position":2,"name":"Training &amp; certification","item":"https:\/\/www.pue.es\/blog\/en\/category\/training-certification-en\/"},{"@type":"ListItem","position":3,"name":"The event organized by PUE showed the broad scope of ITIL\u00a9 and its benefits for professionals and organizations"}]},{"@type":"WebSite","@id":"https:\/\/www.pue.es\/blog\/en\/#website","url":"https:\/\/www.pue.es\/blog\/en\/","name":"PUE Blog","description":"","potentialAction":[{"@type":"SearchAction","target":{"@type":"EntryPoint","urlTemplate":"https:\/\/www.pue.es\/blog\/en\/?s={search_term_string}"},"query-input":{"@type":"PropertyValueSpecification","valueRequired":true,"valueName":"search_term_string"}}],"inLanguage":"en-US"},{"@type":"Person","@id":"https:\/\/www.pue.es\/blog\/en\/#\/schema\/person\/c1100c902cc7a9230c60a397b03adaed","name":"admin-blogpue","image":{"@type":"ImageObject","inLanguage":"en-US","@id":"https:\/\/secure.gravatar.com\/avatar\/10c64761a791b6c48b72d01ff9056b72d398a3caf12c9c7f96fae627d802ca23?s=96&d=mm&r=g","url":"https:\/\/secure.gravatar.com\/avatar\/10c64761a791b6c48b72d01ff9056b72d398a3caf12c9c7f96fae627d802ca23?s=96&d=mm&r=g","contentUrl":"https:\/\/secure.gravatar.com\/avatar\/10c64761a791b6c48b72d01ff9056b72d398a3caf12c9c7f96fae627d802ca23?s=96&d=mm&r=g","caption":"admin-blogpue"},"sameAs":["http:\/\/www.eu4.pue.es\/blog"],"url":"https:\/\/www.pue.es\/blog\/en\/author\/admin-blogpue\/"}]}},"_links":{"self":[{"href":"https:\/\/www.pue.es\/blog\/en\/wp-json\/wp\/v2\/posts\/3151","targetHints":{"allow":["GET"]}}],"collection":[{"href":"https:\/\/www.pue.es\/blog\/en\/wp-json\/wp\/v2\/posts"}],"about":[{"href":"https:\/\/www.pue.es\/blog\/en\/wp-json\/wp\/v2\/types\/post"}],"author":[{"embeddable":true,"href":"https:\/\/www.pue.es\/blog\/en\/wp-json\/wp\/v2\/users\/1"}],"replies":[{"embeddable":true,"href":"https:\/\/www.pue.es\/blog\/en\/wp-json\/wp\/v2\/comments?post=3151"}],"version-history":[{"count":0,"href":"https:\/\/www.pue.es\/blog\/en\/wp-json\/wp\/v2\/posts\/3151\/revisions"}],"wp:featuredmedia":[{"embeddable":true,"href":"https:\/\/www.pue.es\/blog\/en\/wp-json\/wp\/v2\/media\/177"}],"wp:attachment":[{"href":"https:\/\/www.pue.es\/blog\/en\/wp-json\/wp\/v2\/media?parent=3151"}],"wp:term":[{"taxonomy":"category","embeddable":true,"href":"https:\/\/www.pue.es\/blog\/en\/wp-json\/wp\/v2\/categories?post=3151"},{"taxonomy":"post_tag","embeddable":true,"href":"https:\/\/www.pue.es\/blog\/en\/wp-json\/wp\/v2\/tags?post=3151"}],"curies":[{"name":"wp","href":"https:\/\/api.w.org\/{rel}","templated":true}]}}